{"id":10860,"date":"2024-12-10T11:32:34","date_gmt":"2024-12-10T10:32:34","guid":{"rendered":"https:\/\/kulanorinska.hr\/?p=10860"},"modified":"2025-01-21T11:49:33","modified_gmt":"2025-01-21T10:49:33","slug":"javni-poziv-trajni-za-iskaz-interesa-koristenja-potpore-i-podrske-u-svakodnevnom-zivotu-starijim-osobama-i-osobama-s-invaliditetom-u-sklopu-projekta-mi-u-zajednici-sf-3-4-11-01-005-3","status":"publish","type":"post","link":"https:\/\/kulanorinska.hr\/?p=10860","title":{"rendered":"JAVNI POZIV (TRAJNI) za iskaz interesa kori\u0161tenja potpore i podr\u0161ke u svakodnevnom \u017eivotu starijim osobama i osobama s invaliditetom u sklopu projekta \u201eMi u zajednici\u201c SF.3.4.11.01.0055"},"content":{"rendered":"<p>Op\u0107ina Kula Norinska poziva sve pripadnike ciljane skupine (osobe starije od 65 godina, te osobe s invaliditetom) da se prijave za kori\u0161tenje usluge potpore i podr\u0161ke u svakodnevnom \u017eivotu u sklopu projekta \u201cMi u zajednici\u201d.<\/p>\n<p>Tekst Javnog poziva i potrebni obrasci nalaze se na sljede\u0107im poveznicama:<\/p>\n<p><a href=\"https:\/\/kulanorinska.hr\/wp-content\/uploads\/2025\/01\/Prijava-na-javni-poziv-Mi-u-zajednici.docx\">Prijava-na-javni-poziv-Mi-u-zajednici<\/a><\/p>\n<p><a href=\"https:\/\/kulanorinska.hr\/wp-content\/uploads\/2025\/01\/Izjava-o-clanovima-zajednickog-kucanstva.docx\">Izjava-o-clanovima-zajednickog-kucanstva<\/a><\/p>\n<p><a href=\"https:\/\/kulanorinska.hr\/wp-content\/uploads\/2025\/01\/Javni-poziv-za-krajnje-korisnike-MI-U-ZAJEDNICI-2.pdf\">Javni-poziv-za-krajnje-korisnike-MI-U-ZAJEDNICI (2)<\/a><\/p>\n<p>&nbsp;<\/p>\n<p style=\"text-align: center;\"><img loading=\"lazy\" class=\"alignnone wp-image-10774\" src=\"https:\/\/kulanorinska.hr\/wp-content\/uploads\/2024\/10\/memorandum-mi-u-zajednici-300x68.png\" alt=\"\" width=\"371\" height=\"84\" srcset=\"https:\/\/kulanorinska.hr\/wp-content\/uploads\/2024\/10\/memorandum-mi-u-zajednici-300x68.png 300w, https:\/\/kulanorinska.hr\/wp-content\/uploads\/2024\/10\/memorandum-mi-u-zajednici.png 693w\" sizes=\"(max-width: 371px) 100vw, 371px\" \/><\/p>\n<p>&nbsp;<\/p>\n","protected":false},"excerpt":{"rendered":"<p>Op\u0107ina Kula Norinska poziva sve pripadnike ciljane skupine (osobe starije od 65 godina, te osobe s invaliditetom) da se prijave za kori\u0161tenje usluge potpore i podr\u0161ke u svakodnevnom \u017eivotu u sklopu projekta \u201cMi u zajednici\u201d. Tekst Javnog poziva i potrebni obrasci nalaze se na sljede\u0107im&#8230;<\/p>\n","protected":false},"author":3,"featured_media":10624,"comment_status":"closed","ping_status":"closed","sticky":false,"template":"","format":"standard","meta":{"_monsterinsights_skip_tracking":false,"_monsterinsights_sitenote_active":false,"_monsterinsights_sitenote_note":"","_monsterinsights_sitenote_category":0,"ngg_post_thumbnail":0},"categories":[9],"tags":[],"_links":{"self":[{"href":"https:\/\/kulanorinska.hr\/index.php?rest_route=\/wp\/v2\/posts\/10860"}],"collection":[{"href":"https:\/\/kulanorinska.hr\/index.php?rest_route=\/wp\/v2\/posts"}],"about":[{"href":"https:\/\/kulanorinska.hr\/index.php?rest_route=\/wp\/v2\/types\/post"}],"author":[{"embeddable":true,"href":"https:\/\/kulanorinska.hr\/index.php?rest_route=\/wp\/v2\/users\/3"}],"replies":[{"embeddable":true,"href":"https:\/\/kulanorinska.hr\/index.php?rest_route=%2Fwp%2Fv2%2Fcomments&post=10860"}],"version-history":[{"count":1,"href":"https:\/\/kulanorinska.hr\/index.php?rest_route=\/wp\/v2\/posts\/10860\/revisions"}],"predecessor-version":[{"id":10864,"href":"https:\/\/kulanorinska.hr\/index.php?rest_route=\/wp\/v2\/posts\/10860\/revisions\/10864"}],"wp:featuredmedia":[{"embeddable":true,"href":"https:\/\/kulanorinska.hr\/index.php?rest_route=\/wp\/v2\/media\/10624"}],"wp:attachment":[{"href":"https:\/\/kulanorinska.hr\/index.php?rest_route=%2Fwp%2Fv2%2Fmedia&parent=10860"}],"wp:term":[{"taxonomy":"category","embeddable":true,"href":"https:\/\/kulanorinska.hr\/index.php?rest_route=%2Fwp%2Fv2%2Fcategories&post=10860"},{"taxonomy":"post_tag","embeddable":true,"href":"https:\/\/kulanorinska.hr\/index.php?rest_route=%2Fwp%2Fv2%2Ftags&post=10860"}],"curies":[{"name":"wp","href":"https:\/\/api.w.org\/{rel}","templated":true}]}}