{"id":11647,"date":"2026-04-27T13:06:55","date_gmt":"2026-04-27T11:06:55","guid":{"rendered":"https:\/\/kulanorinska.hr\/?p=11647"},"modified":"2026-04-27T13:06:55","modified_gmt":"2026-04-27T11:06:55","slug":"projekt-izgradnje-opticke-mreze","status":"publish","type":"post","link":"https:\/\/kulanorinska.hr\/?p=11647","title":{"rendered":"Projekt izgradnje opti\u010dke mre\u017ee"},"content":{"rendered":"<p>U tijeku je projekt izgradnje opti\u010dke mre\u017ee za br\u017ei i stabilniji internet na podru\u010dju Dubrova\u010dko &#8211; neretvanske \u017eupanije. Radove izvodi tvrtka Konektor d.o.o., izvo\u0111a\u010di investitora Hrvatski telekom d.d., koji \u0107e biti vlasnik infrastrukture, a iste sufinancira EU.&nbsp;<\/p>\n<p>Dana <strong>28. i 29. TRAVNJA, (utorak i srijeda)<\/strong>, u mjestu <strong>DESNE<\/strong> nalaziti \u0107e se studenti koji \u0107e popisivati zainteresirane korisnike za spajanje objekata na opti\u010dku mre\u017eu.<\/p>\n<p>Radovi su u potpunosti <strong>besplatni <\/strong>za vlasnike objekata i obuhva\u0107aju pripremne radove na uvla\u010denju opti\u010dkog kabela do objekta te monta\u017eu razvodne kutije na\/u objekt vlasnika.&nbsp;<\/p>\n<p><strong>Radovi koji \u0107e se izvoditi su tehni\u010dki preduvjet za mogu\u0107nost priklju\u010dka objekta na opti\u010dku mre\u017eu, ali ne uvjetuju ugovaranje usluge sa teleoperaterom.<\/strong><\/p>\n<p>Ukoliko prilikom popisivanja vlasnika objekata zainteresiranih za spajanje objekta na opti\u010dku mre\u017eu, niste kod ku\u0107e ili iz nekog drugog razloga ne stignete prisustovati popisivanju, mo\u017eete se javiti na:&nbsp;<strong>&nbsp;<\/strong><\/p>\n<p><strong>Email<\/strong> : <a href=\"mailto:ante.nadinic@konektor.hr\">ante.nadinic@konektor.hr<\/a><\/p>\n<p><strong>Tel : +385 95 397 5176<\/strong><\/p>\n","protected":false},"excerpt":{"rendered":"<p>U tijeku je projekt izgradnje opti\u010dke mre\u017ee za br\u017ei i stabilniji internet na podru\u010dju Dubrova\u010dko &#8211; neretvanske \u017eupanije. Radove izvodi tvrtka Konektor d.o.o., izvo\u0111a\u010di investitora Hrvatski telekom d.d., koji \u0107e biti vlasnik infrastrukture, a iste sufinancira EU.&nbsp; Dana 28. i 29. TRAVNJA, (utorak i srijeda),&#8230;<\/p>\n","protected":false},"author":3,"featured_media":11648,"comment_status":"closed","ping_status":"closed","sticky":false,"template":"","format":"standard","meta":{"_monsterinsights_skip_tracking":false,"_monsterinsights_sitenote_active":false,"_monsterinsights_sitenote_note":"","_monsterinsights_sitenote_category":0,"ngg_post_thumbnail":0},"categories":[9],"tags":[],"_links":{"self":[{"href":"https:\/\/kulanorinska.hr\/index.php?rest_route=\/wp\/v2\/posts\/11647"}],"collection":[{"href":"https:\/\/kulanorinska.hr\/index.php?rest_route=\/wp\/v2\/posts"}],"about":[{"href":"https:\/\/kulanorinska.hr\/index.php?rest_route=\/wp\/v2\/types\/post"}],"author":[{"embeddable":true,"href":"https:\/\/kulanorinska.hr\/index.php?rest_route=\/wp\/v2\/users\/3"}],"replies":[{"embeddable":true,"href":"https:\/\/kulanorinska.hr\/index.php?rest_route=%2Fwp%2Fv2%2Fcomments&post=11647"}],"version-history":[{"count":1,"href":"https:\/\/kulanorinska.hr\/index.php?rest_route=\/wp\/v2\/posts\/11647\/revisions"}],"predecessor-version":[{"id":11649,"href":"https:\/\/kulanorinska.hr\/index.php?rest_route=\/wp\/v2\/posts\/11647\/revisions\/11649"}],"wp:featuredmedia":[{"embeddable":true,"href":"https:\/\/kulanorinska.hr\/index.php?rest_route=\/wp\/v2\/media\/11648"}],"wp:attachment":[{"href":"https:\/\/kulanorinska.hr\/index.php?rest_route=%2Fwp%2Fv2%2Fmedia&parent=11647"}],"wp:term":[{"taxonomy":"category","embeddable":true,"href":"https:\/\/kulanorinska.hr\/index.php?rest_route=%2Fwp%2Fv2%2Fcategories&post=11647"},{"taxonomy":"post_tag","embeddable":true,"href":"https:\/\/kulanorinska.hr\/index.php?rest_route=%2Fwp%2Fv2%2Ftags&post=11647"}],"curies":[{"name":"wp","href":"https:\/\/api.w.org\/{rel}","templated":true}]}}