{"id":1576,"date":"2010-06-13T20:26:00","date_gmt":"2010-06-13T18:26:00","guid":{"rendered":"http:\/\/kulanorinska.hr.win7.mojsite.com\/web\/?p=1576"},"modified":"2010-06-13T20:26:00","modified_gmt":"2010-06-13T18:26:00","slug":"tragedija-u-podrujnici","status":"publish","type":"post","link":"https:\/\/kulanorinska.hr\/?p=1576","title":{"rendered":"TRAGEDIJA U PODRUJNICI"},"content":{"rendered":"<p style=\"text-align: justify;\">Op\u0107ina Kula Norinska izra\u017eava su\u0107ut obitelji pokojnog Mirke Bezera koji je tragi\u010dno preminuo 12. lipnja, a kojeg \u0107emo pamtiti kao dobru osobu za koju nitko nije imao lo\u0161u rije\u010d. Mladi \u017eivot je oti\u0161ao u nepovrat, ali \u0107e uvijek biti s nama u mislima.<\/p>\n<p style=\"text-align: justify;\">Posljednji ispra\u0107aj \u0107e krenuti iz mrtva\u010dnice u Momi\u0107ima u 18.00 sati u ponedjeljak, 14. lipnja.<\/p>\n<p style=\"text-align: center;\"><a href=\"http:\/\/kulanorinska.hr.win7.mojsite.com\/web\/wp-content\/uploads\/2010\/06\/dsc07907.jpg\"><img loading=\"lazy\" class=\"aligncenter size-medium wp-image-706\" title=\"Osmrtnica Mirke Bezera\" src=\"https:\/\/kulanorinska.hr.win7.mojsite.com\/web\/wp-content\/uploads\/2010\/06\/dsc07907-300x225.jpg\" alt=\"\" width=\"300\" height=\"225\" \/><\/a><\/p>\n","protected":false},"excerpt":{"rendered":"<p>Op\u0107ina Kula Norinska izra\u017eava su\u0107ut obitelji pokojnog Mirke Bezera koji je tragi\u010dno preminuo 12. lipnja, a kojeg \u0107emo pamtiti kao dobru osobu za koju nitko nije imao lo\u0161u rije\u010d. Mladi \u017eivot je oti\u0161ao u nepovrat, ali \u0107e uvijek biti s nama u mislima. Posljednji ispra\u0107aj&#8230;<\/p>\n","protected":false},"author":1,"featured_media":0,"comment_status":"closed","ping_status":"closed","sticky":false,"template":"","format":"standard","meta":{"_monsterinsights_skip_tracking":false,"_monsterinsights_sitenote_active":false,"_monsterinsights_sitenote_note":"","_monsterinsights_sitenote_category":0,"ngg_post_thumbnail":0},"categories":[9,11],"tags":[],"_links":{"self":[{"href":"https:\/\/kulanorinska.hr\/index.php?rest_route=\/wp\/v2\/posts\/1576"}],"collection":[{"href":"https:\/\/kulanorinska.hr\/index.php?rest_route=\/wp\/v2\/posts"}],"about":[{"href":"https:\/\/kulanorinska.hr\/index.php?rest_route=\/wp\/v2\/types\/post"}],"author":[{"embeddable":true,"href":"https:\/\/kulanorinska.hr\/index.php?rest_route=\/wp\/v2\/users\/1"}],"replies":[{"embeddable":true,"href":"https:\/\/kulanorinska.hr\/index.php?rest_route=%2Fwp%2Fv2%2Fcomments&post=1576"}],"version-history":[{"count":0,"href":"https:\/\/kulanorinska.hr\/index.php?rest_route=\/wp\/v2\/posts\/1576\/revisions"}],"wp:attachment":[{"href":"https:\/\/kulanorinska.hr\/index.php?rest_route=%2Fwp%2Fv2%2Fmedia&parent=1576"}],"wp:term":[{"taxonomy":"category","embeddable":true,"href":"https:\/\/kulanorinska.hr\/index.php?rest_route=%2Fwp%2Fv2%2Fcategories&post=1576"},{"taxonomy":"post_tag","embeddable":true,"href":"https:\/\/kulanorinska.hr\/index.php?rest_route=%2Fwp%2Fv2%2Ftags&post=1576"}],"curies":[{"name":"wp","href":"https:\/\/api.w.org\/{rel}","templated":true}]}}