{"id":1598,"date":"2010-06-25T20:34:39","date_gmt":"2010-06-25T18:34:39","guid":{"rendered":"http:\/\/kulanorinska.hr.win7.mojsite.com\/web\/?p=1598"},"modified":"2010-06-25T20:34:39","modified_gmt":"2010-06-25T18:34:39","slug":"dan-drzavnosti","status":"publish","type":"post","link":"https:\/\/kulanorinska.hr\/?p=1598","title":{"rendered":"DAN DR\u017dAVNOSTI"},"content":{"rendered":"<p style=\"text-align: justify;\">Na dana\u0161nji dan prije 19 godina ro\u0111ena je na\u0161a Republika Hrvatska. Ro\u0111ena u muci, krvlju i znoju na\u0161ih ljudi, suo\u010dena s mnogobrojnim problemima opstala je, \u017eivi i \u017eivjet \u0107e. Na svima nama koji \u017eivimo u njoj, ro\u0111eni smo u njoj ili smo vezani za nju, obveza je da se brinemo za njen prosperitet, te dobrobit svakog njenog dr\u017eavljanina.<\/p>\n<p style=\"text-align: justify;\">Na dana\u0161nji dan se posebice sje\u0107amo branitelja iz na\u0161e op\u0107ine koji su svoj \u017eivot utkali u slobodu Hrvatske, kao i branitelja koji su svojim sudjelovanjem u Domovinskom ratu dali svoj obol u obrani dr\u017eave.<\/p>\n<p style=\"text-align: justify;\">Sva ta nas \u017ertva obvezuje da se prema dr\u017eavi i njenim institucijama odnosimo kao prema vlastitom domu i obitelji.<\/p>\n<p style=\"text-align: justify;\">Ovim putem Op\u0107ina Kula Norinska na \u010delu s na\u010delnikom Nikolom Krsti\u010devi\u0107em \u017eeli \u010destitati svim dr\u017eavljanima Republike Hrvatske, a posebice stanovnicima na\u0161e op\u0107ine, 25. lipnja &#8211; Dan dr\u017eavnosti Republike Hrvatske!<\/p>\n","protected":false},"excerpt":{"rendered":"<p>Na dana\u0161nji dan prije 19 godina ro\u0111ena je na\u0161a Republika Hrvatska. Ro\u0111ena u muci, krvlju i znoju na\u0161ih ljudi, suo\u010dena s mnogobrojnim problemima opstala je, \u017eivi i \u017eivjet \u0107e. Na svima nama koji \u017eivimo u njoj, ro\u0111eni smo u njoj ili smo vezani za nju,&#8230;<\/p>\n","protected":false},"author":1,"featured_media":0,"comment_status":"closed","ping_status":"closed","sticky":false,"template":"","format":"standard","meta":{"_monsterinsights_skip_tracking":false,"_monsterinsights_sitenote_active":false,"_monsterinsights_sitenote_note":"","_monsterinsights_sitenote_category":0,"ngg_post_thumbnail":0},"categories":[9,11],"tags":[],"_links":{"self":[{"href":"https:\/\/kulanorinska.hr\/index.php?rest_route=\/wp\/v2\/posts\/1598"}],"collection":[{"href":"https:\/\/kulanorinska.hr\/index.php?rest_route=\/wp\/v2\/posts"}],"about":[{"href":"https:\/\/kulanorinska.hr\/index.php?rest_route=\/wp\/v2\/types\/post"}],"author":[{"embeddable":true,"href":"https:\/\/kulanorinska.hr\/index.php?rest_route=\/wp\/v2\/users\/1"}],"replies":[{"embeddable":true,"href":"https:\/\/kulanorinska.hr\/index.php?rest_route=%2Fwp%2Fv2%2Fcomments&post=1598"}],"version-history":[{"count":0,"href":"https:\/\/kulanorinska.hr\/index.php?rest_route=\/wp\/v2\/posts\/1598\/revisions"}],"wp:attachment":[{"href":"https:\/\/kulanorinska.hr\/index.php?rest_route=%2Fwp%2Fv2%2Fmedia&parent=1598"}],"wp:term":[{"taxonomy":"category","embeddable":true,"href":"https:\/\/kulanorinska.hr\/index.php?rest_route=%2Fwp%2Fv2%2Fcategories&post=1598"},{"taxonomy":"post_tag","embeddable":true,"href":"https:\/\/kulanorinska.hr\/index.php?rest_route=%2Fwp%2Fv2%2Ftags&post=1598"}],"curies":[{"name":"wp","href":"https:\/\/api.w.org\/{rel}","templated":true}]}}