{"id":2175,"date":"2009-11-16T08:34:16","date_gmt":"2009-11-16T07:34:16","guid":{"rendered":"http:\/\/kulanorinska.hr.win7.mojsite.com\/web\/?p=2175"},"modified":"2009-11-16T08:34:16","modified_gmt":"2009-11-16T07:34:16","slug":"u-nova-tijela-udruge-ladara-neretve-izabrani-nasi-sumjestani-2","status":"publish","type":"post","link":"https:\/\/kulanorinska.hr\/?p=2175","title":{"rendered":"U nova tijela Udruge la\u0111ara Neretve izabrani na\u0161i sumje\u0161tani"},"content":{"rendered":"<p style=\"text-align: justify;\">Na izbornoj skup\u0161tini Udruge la\u0111ara Neretve odr\u017eanoj 13. studenog 2009. godine u Metkovi\u0107u izabirana su tijela Udruge la\u0111ara Neretve.<\/p>\n<p style=\"text-align: justify;\">Ve\u0107 tradicionalno na\u0161i ljudi iz na\u0161e op\u0107ine su zastupljeni u upravnim tijelima, pa je tako za dopredsjednika ponovno izabran\u00a0<strong>Boro Jel\u010di\u0107 iz Krvavca<\/strong> (birala se 2 \u010dlana), ina\u010de \u010dlan ekipe \u201eKrvavac\u201c, a kao \u010dlan upravnog odbora\u00a0<strong>Dra\u017een Jel\u010di\u0107 Faja<\/strong> <strong>iz Krvavca II<\/strong> (biralo se 6 \u010dlanova) kao \u010dlan ekipe \u201eKrvavac II\u201c.\u00a0Tako\u0111er je kao kandidat ekipe \u201eNorin\u201c iz Matijevi\u0107a, u upravni odbor izabran\u00a0<strong>Izvor \u0160kubonja<\/strong>, odvjetnik u Plo\u010dama koji je vi\u0161egodi\u0161nji redovni \u010dlan i vesla\u010d ekipe iz Matijevi\u0107a<\/p>\n<p style=\"text-align: justify;\">Za \u010dlana Stegovnog suda izabran je\u00a0<strong>Nenis Vu\u010dkovi\u0107 iz Krvavca II<\/strong> (biralo se 3 \u010dlana)<\/p>\n<p style=\"text-align: justify;\">Na navedenoj izbornoj Skup\u0161tini nije biran direktor Maratona, a na kojoj funkciji se ina\u010de nalazi\u00a0<strong>Ante \u0160prlje<\/strong> <strong>iz Matijevi\u0107a<\/strong> koji je najavio odlazak \u010dim mu se na\u0111e zamjena. Naime zbog zauzetosti drugim obvezama Ante \u0160prlje je najavio svoj odlazak, ali kako se direktor Maratona bira na prijedlog upravnog odbora, dogovoreno je da Ante \u0160prlje ostane bar do izbora novog direktora te da nastavi do tada obna\u0161ati tu du\u017enost.<\/p>\n<p style=\"text-align: justify;\">Veliki broj ljudi iz na\u0161e op\u0107ine u Udruzi la\u0111ara Neretve je pokazatelj kako se u na\u0161oj op\u0107ini dr\u017ei do tradicionalnih vrijednosti, ali i pokazatelj da se sredstva Op\u0107ine Kula Norinska ispravno usmjerena.<\/p>\n<p style=\"text-align: justify;\">Ina\u010de Op\u0107ina Kula Norinska je u proteklom periodu uvijek davala potporu svakoj la\u0111arskoj ekipi s podru\u010dja op\u0107ine Kula Norinske putem uplata kotizacija svakoj ekipi za Maraton, pomo\u0107i u realizaciji La\u0111arskog kupa \u017dupe Bagalovi\u0107i te sufinanciranja la\u0111arski fe\u0161ti koje organizira svaka pojedina ekipa.<\/p>\n","protected":false},"excerpt":{"rendered":"<p>Na izbornoj skup\u0161tini Udruge la\u0111ara Neretve odr\u017eanoj 13. studenog 2009. godine u Metkovi\u0107u izabirana su tijela Udruge la\u0111ara Neretve. Ve\u0107 tradicionalno na\u0161i ljudi iz na\u0161e op\u0107ine su zastupljeni u upravnim tijelima, pa je tako za dopredsjednika ponovno izabran\u00a0Boro Jel\u010di\u0107 iz Krvavca (birala se 2 \u010dlana),&#8230;<\/p>\n","protected":false},"author":1,"featured_media":0,"comment_status":"closed","ping_status":"closed","sticky":false,"template":"","format":"standard","meta":{"_monsterinsights_skip_tracking":false,"_monsterinsights_sitenote_active":false,"_monsterinsights_sitenote_note":"","_monsterinsights_sitenote_category":0,"ngg_post_thumbnail":0},"categories":[9,11],"tags":[],"_links":{"self":[{"href":"https:\/\/kulanorinska.hr\/index.php?rest_route=\/wp\/v2\/posts\/2175"}],"collection":[{"href":"https:\/\/kulanorinska.hr\/index.php?rest_route=\/wp\/v2\/posts"}],"about":[{"href":"https:\/\/kulanorinska.hr\/index.php?rest_route=\/wp\/v2\/types\/post"}],"author":[{"embeddable":true,"href":"https:\/\/kulanorinska.hr\/index.php?rest_route=\/wp\/v2\/users\/1"}],"replies":[{"embeddable":true,"href":"https:\/\/kulanorinska.hr\/index.php?rest_route=%2Fwp%2Fv2%2Fcomments&post=2175"}],"version-history":[{"count":0,"href":"https:\/\/kulanorinska.hr\/index.php?rest_route=\/wp\/v2\/posts\/2175\/revisions"}],"wp:attachment":[{"href":"https:\/\/kulanorinska.hr\/index.php?rest_route=%2Fwp%2Fv2%2Fmedia&parent=2175"}],"wp:term":[{"taxonomy":"category","embeddable":true,"href":"https:\/\/kulanorinska.hr\/index.php?rest_route=%2Fwp%2Fv2%2Fcategories&post=2175"},{"taxonomy":"post_tag","embeddable":true,"href":"https:\/\/kulanorinska.hr\/index.php?rest_route=%2Fwp%2Fv2%2Ftags&post=2175"}],"curies":[{"name":"wp","href":"https:\/\/api.w.org\/{rel}","templated":true}]}}