{"id":2532,"date":"2011-05-02T13:41:06","date_gmt":"2011-05-02T11:41:06","guid":{"rendered":"http:\/\/kulanorinska.hr\/web\/?p=2532"},"modified":"2011-05-02T13:41:06","modified_gmt":"2011-05-02T11:41:06","slug":"2532","status":"publish","type":"post","link":"https:\/\/kulanorinska.hr\/?p=2532","title":{"rendered":"ZAPO\u010cEO PROGRAM &#8220;MALA \u0160KOLA&#8221;"},"content":{"rendered":"<p><strong>REPUBLIKA HRVATSKA<\/strong><\/p>\n<p><strong>DUBROVA\u010cKO-NERETVANSKA \u017dUPANIJA<\/strong><\/p>\n<p><strong>OP\u0106INA KULA NORINSKA<\/strong><\/p>\n<p><strong>Kula Norinska, 02.svibnja \u00a02011.g.<\/strong><\/p>\n<p><strong> <\/strong><\/p>\n<p><strong> <\/strong><\/p>\n<p><strong> <\/strong><\/p>\n<p><strong> <\/strong><\/p>\n<p style=\"text-align: center;\"><strong>O B\u00a0 A\u00a0 V\u00a0 I\u00a0 J\u00a0 E\u00a0 S\u00a0 T<\/strong><\/p>\n<p><strong> <\/strong><\/p>\n<p><strong> <\/strong><\/p>\n<p style=\"text-align: justify;\"><strong>OP\u0106INA KULA NORINSKA I OVE GODINE, ORGANIZIRA PROGRAM \u00abMALE \u0160KOLE\u00bb, TE SE OBAVJE\u0160TAVAJU\u00a0 RODITELJI\u00a0 DJECE\u00a0 KOJI OVE GODINE KRE\u0106U U PRVI RAZRED OSNOVNE \u0160KOLE U KULI \u00a0NORINSKOJ, DA \u0106E PROGRAM PRIPREME\u00a0 TZV \u00ab MALA\u00a0 \u0160KOLA\u00bb, OTPO\u010cETI \u00a0S RADOM \u00a0DANA 04.05. 2011. GODINE, (SRIJEDA) S PO\u010cETKOM U 15,00 \u00a0SATI U PROSTORIJAMA OSNOVNE \u0160KOLE \u00ab \u00a0KULA NORINSKA\u00bb.<\/strong><\/p>\n<p style=\"text-align: justify;\">\n<p style=\"text-align: justify;\"><strong><a href=\"http:\/\/kulanorinska.hr.win7.mojsite.com\/web\/wp-content\/uploads\/2011\/05\/skola.jpg\"><img loading=\"lazy\" class=\"alignnone size-full wp-image-2533\" title=\"skola\" src=\"https:\/\/kulanorinska.hr.win7.mojsite.com\/web\/wp-content\/uploads\/2011\/05\/skola.jpg\" alt=\"\" width=\"259\" height=\"194\" \/><\/a><br \/>\n<\/strong><\/p>\n","protected":false},"excerpt":{"rendered":"<p>REPUBLIKA HRVATSKA DUBROVA\u010cKO-NERETVANSKA \u017dUPANIJA OP\u0106INA KULA NORINSKA Kula Norinska, 02.svibnja \u00a02011.g. O B\u00a0 A\u00a0 V\u00a0 I\u00a0 J\u00a0 E\u00a0 S\u00a0 T OP\u0106INA KULA NORINSKA I OVE GODINE, ORGANIZIRA PROGRAM \u00abMALE \u0160KOLE\u00bb, TE SE OBAVJE\u0160TAVAJU\u00a0 RODITELJI\u00a0 DJECE\u00a0 KOJI OVE GODINE KRE\u0106U U PRVI RAZRED OSNOVNE \u0160KOLE U&#8230;<\/p>\n","protected":false},"author":1,"featured_media":2533,"comment_status":"closed","ping_status":"closed","sticky":false,"template":"","format":"standard","meta":{"_monsterinsights_skip_tracking":false,"_monsterinsights_sitenote_active":false,"_monsterinsights_sitenote_note":"","_monsterinsights_sitenote_category":0,"ngg_post_thumbnail":0},"categories":[6,9,11],"tags":[118],"_links":{"self":[{"href":"https:\/\/kulanorinska.hr\/index.php?rest_route=\/wp\/v2\/posts\/2532"}],"collection":[{"href":"https:\/\/kulanorinska.hr\/index.php?rest_route=\/wp\/v2\/posts"}],"about":[{"href":"https:\/\/kulanorinska.hr\/index.php?rest_route=\/wp\/v2\/types\/post"}],"author":[{"embeddable":true,"href":"https:\/\/kulanorinska.hr\/index.php?rest_route=\/wp\/v2\/users\/1"}],"replies":[{"embeddable":true,"href":"https:\/\/kulanorinska.hr\/index.php?rest_route=%2Fwp%2Fv2%2Fcomments&post=2532"}],"version-history":[{"count":0,"href":"https:\/\/kulanorinska.hr\/index.php?rest_route=\/wp\/v2\/posts\/2532\/revisions"}],"wp:featuredmedia":[{"embeddable":true,"href":"https:\/\/kulanorinska.hr\/index.php?rest_route=\/wp\/v2\/media\/2533"}],"wp:attachment":[{"href":"https:\/\/kulanorinska.hr\/index.php?rest_route=%2Fwp%2Fv2%2Fmedia&parent=2532"}],"wp:term":[{"taxonomy":"category","embeddable":true,"href":"https:\/\/kulanorinska.hr\/index.php?rest_route=%2Fwp%2Fv2%2Fcategories&post=2532"},{"taxonomy":"post_tag","embeddable":true,"href":"https:\/\/kulanorinska.hr\/index.php?rest_route=%2Fwp%2Fv2%2Ftags&post=2532"}],"curies":[{"name":"wp","href":"https:\/\/api.w.org\/{rel}","templated":true}]}}