{"id":2539,"date":"2011-05-05T22:14:51","date_gmt":"2011-05-05T20:14:51","guid":{"rendered":"http:\/\/kulanorinska.hr\/web\/?p=2539"},"modified":"2011-05-05T22:14:51","modified_gmt":"2011-05-05T20:14:51","slug":"ekipa-skrapa-3-na-rafting-regati","status":"publish","type":"post","link":"https:\/\/kulanorinska.hr\/?p=2539","title":{"rendered":"EKIPA &#8220;\u0160KRAPA&#8221; 3. NA RAFTING REGATI"},"content":{"rendered":"<p style=\"text-align: justify;\">Izme\u0111u vi\u0161e od 50 posada iz Hrvatske, Slovenije, Bosne i Hercegovine, Makedonije i \u010ce\u0161ke koji su sudjelovali na tradicionalnoj \u0161estoj po redu rafting regati \u201eZrmanja 2011\u201c odr\u017eanoj 01. svibnja, \u00a0\u010dije je dvodnevne programe posjetilo ili u njima sudjelovalo blizu 1500 ljudi, ekipa \u201c<strong>\u0160krapa\u201d iz Momi\u0107a<\/strong> osvojila je u natjecateljskom dijelu 3. mjesto.<\/p>\n<p style=\"text-align: justify;\"><a href=\"http:\/\/kulanorinska.hr.win7.mojsite.com\/web\/wp-content\/uploads\/2011\/05\/Zrmanja.jpg\"><img loading=\"lazy\" class=\"alignnone size-medium wp-image-2540\" title=\"Zrmanja\" src=\"https:\/\/kulanorinska.hr.win7.mojsite.com\/web\/wp-content\/uploads\/2011\/05\/Zrmanja-300x225.jpg\" alt=\"\" width=\"300\" height=\"225\" srcset=\"https:\/\/kulanorinska.hr\/wp-content\/uploads\/2011\/05\/Zrmanja-300x225.jpg 300w, https:\/\/kulanorinska.hr\/wp-content\/uploads\/2011\/05\/Zrmanja-768x576.jpg 768w, https:\/\/kulanorinska.hr\/wp-content\/uploads\/2011\/05\/Zrmanja.jpg 1024w\" sizes=\"(max-width: 300px) 100vw, 300px\" \/><\/a><\/p>\n<p style=\"text-align: justify;\">Regata \u00a0je privukla i osobe iz javnog \u017eivota kao \u0161to su \u017deljka Ogresta, Dubravko Merli\u0107, Vlatka Pokos, saborska zastupnica Nevenka Marinovi\u0107, ali i neki \u010dlanovi diplomatskog kora u Hrvatskoj.<\/p>\n<p style=\"text-align: justify;\">Nastup ekipe \u201c\u0160krapa\u201d iz Momi\u0107a potpomogla je Op\u0107ina Kula Norinska.<\/p>\n<p style=\"text-align: justify;\">Ina\u010de \u201c\u0160krapa\u201d je pro\u0161le godine bila najuspje\u0161nija la\u0111arska ekipa iz na\u0161e op\u0107ine, a zauzela je 7. mjesto na Maratonu la\u0111a.<\/p>\n<p style=\"text-align: justify;\">Ovakav uspjeh govori o kvaliteti ekipe koja kontinuirano radi na spremnosti i ima zabilje\u017eene sportske rezultate ne samo u veslanju, ve\u0107 i u malom nogometu.<\/p>\n<p style=\"text-align: justify;\"><a href=\"http:\/\/kulanorinska.hr.win7.mojsite.com\/web\/wp-content\/uploads\/2011\/05\/Zrmanja-nagrada.jpg\"><img loading=\"lazy\" class=\"alignnone size-medium wp-image-2541\" title=\"Zrmanja nagrada\" src=\"https:\/\/kulanorinska.hr.win7.mojsite.com\/web\/wp-content\/uploads\/2011\/05\/Zrmanja-nagrada-300x225.jpg\" alt=\"\" width=\"300\" height=\"225\" srcset=\"https:\/\/kulanorinska.hr\/wp-content\/uploads\/2011\/05\/Zrmanja-nagrada-300x225.jpg 300w, https:\/\/kulanorinska.hr\/wp-content\/uploads\/2011\/05\/Zrmanja-nagrada-768x576.jpg 768w, https:\/\/kulanorinska.hr\/wp-content\/uploads\/2011\/05\/Zrmanja-nagrada.jpg 1024w\" sizes=\"(max-width: 300px) 100vw, 300px\" \/><\/a><\/p>\n<table border=\"0\" cellpadding=\"0\" align=\"left\">\n<tbody>\n<tr>\n<td><\/td>\n<\/tr>\n<\/tbody>\n<\/table>\n<p><strong> <\/strong><\/p>\n","protected":false},"excerpt":{"rendered":"<p>Izme\u0111u vi\u0161e od 50 posada iz Hrvatske, Slovenije, Bosne i Hercegovine, Makedonije i \u010ce\u0161ke koji su sudjelovali na tradicionalnoj \u0161estoj po redu rafting regati \u201eZrmanja 2011\u201c odr\u017eanoj 01. svibnja, \u00a0\u010dije je dvodnevne programe posjetilo ili u njima sudjelovalo blizu 1500 ljudi, ekipa \u201c\u0160krapa\u201d iz Momi\u0107a&#8230;<\/p>\n","protected":false},"author":1,"featured_media":2540,"comment_status":"closed","ping_status":"closed","sticky":false,"template":"","format":"standard","meta":{"_monsterinsights_skip_tracking":false,"_monsterinsights_sitenote_active":false,"_monsterinsights_sitenote_note":"","_monsterinsights_sitenote_category":0,"ngg_post_thumbnail":0},"categories":[8,9,11],"tags":[107,119,134,205,221,280],"_links":{"self":[{"href":"https:\/\/kulanorinska.hr\/index.php?rest_route=\/wp\/v2\/posts\/2539"}],"collection":[{"href":"https:\/\/kulanorinska.hr\/index.php?rest_route=\/wp\/v2\/posts"}],"about":[{"href":"https:\/\/kulanorinska.hr\/index.php?rest_route=\/wp\/v2\/types\/post"}],"author":[{"embeddable":true,"href":"https:\/\/kulanorinska.hr\/index.php?rest_route=\/wp\/v2\/users\/1"}],"replies":[{"embeddable":true,"href":"https:\/\/kulanorinska.hr\/index.php?rest_route=%2Fwp%2Fv2%2Fcomments&post=2539"}],"version-history":[{"count":0,"href":"https:\/\/kulanorinska.hr\/index.php?rest_route=\/wp\/v2\/posts\/2539\/revisions"}],"wp:featuredmedia":[{"embeddable":true,"href":"https:\/\/kulanorinska.hr\/index.php?rest_route=\/wp\/v2\/media\/2540"}],"wp:attachment":[{"href":"https:\/\/kulanorinska.hr\/index.php?rest_route=%2Fwp%2Fv2%2Fmedia&parent=2539"}],"wp:term":[{"taxonomy":"category","embeddable":true,"href":"https:\/\/kulanorinska.hr\/index.php?rest_route=%2Fwp%2Fv2%2Fcategories&post=2539"},{"taxonomy":"post_tag","embeddable":true,"href":"https:\/\/kulanorinska.hr\/index.php?rest_route=%2Fwp%2Fv2%2Ftags&post=2539"}],"curies":[{"name":"wp","href":"https:\/\/api.w.org\/{rel}","templated":true}]}}