{"id":2552,"date":"2011-05-09T14:30:05","date_gmt":"2011-05-09T12:30:05","guid":{"rendered":"http:\/\/kulanorinska.hr\/web\/?p=2552"},"modified":"2011-05-09T14:30:05","modified_gmt":"2011-05-09T12:30:05","slug":"kud-zupa-bagalovici-gostovalo-u-draganicima","status":"publish","type":"post","link":"https:\/\/kulanorinska.hr\/?p=2552","title":{"rendered":"KUD &#8220;\u017dUPA BAGALOVI\u0106I&#8221; U DRAGANI\u0106IMA"},"content":{"rendered":"<p style=\"text-align: justify;\"><a href=\"http:\/\/kulanorinska.hr.win7.mojsite.com\/web\/wp-content\/uploads\/2011\/05\/Fotografija0074.jpg\"><img loading=\"lazy\" class=\"alignnone size-medium wp-image-2553\" title=\"KUD\" src=\"https:\/\/kulanorinska.hr.win7.mojsite.com\/web\/wp-content\/uploads\/2011\/05\/Fotografija0074-225x300.jpg\" alt=\"\" width=\"225\" height=\"300\" srcset=\"https:\/\/kulanorinska.hr\/wp-content\/uploads\/2011\/05\/Fotografija0074-225x300.jpg 225w, https:\/\/kulanorinska.hr\/wp-content\/uploads\/2011\/05\/Fotografija0074-768x1024.jpg 768w, https:\/\/kulanorinska.hr\/wp-content\/uploads\/2011\/05\/Fotografija0074-1200x1600.jpg 1200w, https:\/\/kulanorinska.hr\/wp-content\/uploads\/2011\/05\/Fotografija0074.jpg 1944w\" sizes=\"(max-width: 225px) 100vw, 225px\" \/><\/a><\/p>\n<p style=\"text-align: justify;\">KUD &#8220;\u017dupa Bagalovi\u0107&#8221; je od 29. travnja do \u00a01. svibnja po drugi put bilo gost KUD-a &#8220;Sveti Juraj&#8221; iz Dragani\u0107a kod Karlovca. U sklopu proslave svetog Jure u domu Hrvatske vojske u Karlovcu odr\u017ean je koncert. KUD \u201c\u017dupa Bagalovi\u0107i\u201d je u Dragani\u0107u izvelo svoju koreografiju naziva \u201cNeretva\u201d.<\/p>\n<p style=\"text-align: justify;\">\u010clanovi KUD-a posjetili su Kra\u0161i\u0107 &#8211; rodno mjesto Bla\u017eenog Alojzija Stepinca, Etno muzej \u201cSo\u0161ica\u201d kao i jamu Jazovku, mjesto stradanja stotina Hrvatskih domoljuba, a ljubaznost doma\u0107ina se prema rije\u010dima \u010dlanova na\u0161eg KUD-a, i ovaj put pokazala na visokoj razini.<\/p>\n<p style=\"text-align: justify;\">Vi\u0161e o KUD\u00a0 &#8220;Sveti Juraj&#8221; i samoj posjeti na\u0161eg KUD-a mo\u017eete saznati na njihovim <a title=\"KUD-a &quot;Sveti Juraj&quot;\" href=\"http:\/\/www.kudsvetijuraj-draganic.hr\/\" target=\"_blank\">stranicama <\/a>.<\/p>\n<p style=\"text-align: justify;\">\n<p style=\"text-align: justify;\">\n<p style=\"text-align: justify;\">\n<p style=\"text-align: justify;\">\n<p style=\"text-align: justify;\">\n","protected":false},"excerpt":{"rendered":"<p>KUD &#8220;\u017dupa Bagalovi\u0107&#8221; je od 29. travnja do \u00a01. svibnja po drugi put bilo gost KUD-a &#8220;Sveti Juraj&#8221; iz Dragani\u0107a kod Karlovca. U sklopu proslave svetog Jure u domu Hrvatske vojske u Karlovcu odr\u017ean je koncert. KUD \u201c\u017dupa Bagalovi\u0107i\u201d je u Dragani\u0107u izvelo svoju koreografiju&#8230;<\/p>\n","protected":false},"author":1,"featured_media":2553,"comment_status":"closed","ping_status":"closed","sticky":false,"template":"","format":"standard","meta":{"_monsterinsights_skip_tracking":false,"_monsterinsights_sitenote_active":false,"_monsterinsights_sitenote_note":"","_monsterinsights_sitenote_category":0,"ngg_post_thumbnail":0},"categories":[4,9,11,13],"tags":[45,98,99],"_links":{"self":[{"href":"https:\/\/kulanorinska.hr\/index.php?rest_route=\/wp\/v2\/posts\/2552"}],"collection":[{"href":"https:\/\/kulanorinska.hr\/index.php?rest_route=\/wp\/v2\/posts"}],"about":[{"href":"https:\/\/kulanorinska.hr\/index.php?rest_route=\/wp\/v2\/types\/post"}],"author":[{"embeddable":true,"href":"https:\/\/kulanorinska.hr\/index.php?rest_route=\/wp\/v2\/users\/1"}],"replies":[{"embeddable":true,"href":"https:\/\/kulanorinska.hr\/index.php?rest_route=%2Fwp%2Fv2%2Fcomments&post=2552"}],"version-history":[{"count":0,"href":"https:\/\/kulanorinska.hr\/index.php?rest_route=\/wp\/v2\/posts\/2552\/revisions"}],"wp:featuredmedia":[{"embeddable":true,"href":"https:\/\/kulanorinska.hr\/index.php?rest_route=\/wp\/v2\/media\/2553"}],"wp:attachment":[{"href":"https:\/\/kulanorinska.hr\/index.php?rest_route=%2Fwp%2Fv2%2Fmedia&parent=2552"}],"wp:term":[{"taxonomy":"category","embeddable":true,"href":"https:\/\/kulanorinska.hr\/index.php?rest_route=%2Fwp%2Fv2%2Fcategories&post=2552"},{"taxonomy":"post_tag","embeddable":true,"href":"https:\/\/kulanorinska.hr\/index.php?rest_route=%2Fwp%2Fv2%2Ftags&post=2552"}],"curies":[{"name":"wp","href":"https:\/\/api.w.org\/{rel}","templated":true}]}}