{"id":2561,"date":"2011-05-17T11:35:46","date_gmt":"2011-05-17T09:35:46","guid":{"rendered":"http:\/\/kulanorinska.hr\/web\/?p=2561"},"modified":"2011-05-17T11:35:46","modified_gmt":"2011-05-17T09:35:46","slug":"pripadnici-dvd-na-obuci-za-helihoptere","status":"publish","type":"post","link":"https:\/\/kulanorinska.hr\/?p=2561","title":{"rendered":"PRIPADNICI DVD NA OBUCI ZA HELIHOPTERE"},"content":{"rendered":"<p style=\"text-align: justify;\">Danas su \u010detvorica pripadnika DVD Kula Norinska <strong>(Ivan Kaleb iz Podrujnice, \u017deljko Lacku iz Matijevi\u0107a, Andrija Mijo\u010d iz Pozle Gore i Martin \u0160etka iz Desana)<\/strong> otputovala na dvodnevnu <strong>vatrogasnu obuku za desantiranje s helihopterom i upotrebu desantne opreme<\/strong>. Obuka se provodu u Putnikovi\u0107ima na Pelje\u0161cu, a provode je Instruktori dr\u017eavne uprave za za\u0161titu i spa\u0161avanje, Dr\u017eavne intervencijske postrojbe Split i Dubrovnik u suradnji s Hrvatskim ratnim zrakoplovstvom uz sudjelovanje zra\u010dnih snaga. Prema rije\u010dima <strong>zapovjednika DVD Kula Norinska Ivana Kaleba<\/strong>, ovom obukom \u0107e se posti\u0107i spremnost vatrogasaca na djelovanje u najrazli\u010ditijim situacijama, a posebno onima koje zahtijevaju potporu helihopterskih zra\u010dnih snaga, prvenstveno u transportu za protupo\u017earno djelovanje, ali i spa\u0161avanju ljudi i materijalnih dobara uz potporu zrakoplovstva. Prvi dan \u0107e se odr\u017eati teoretska nastava, a drugi dan \u0107e se vr\u0161iti prakti\u010dna obuka uz sudjelovanje helihoptera HRZ-a Mi 8 MTV-1 osposobljenog za protupo\u017earnu potporu.<\/p>\n<p style=\"text-align: justify;\"><a href=\"http:\/\/kulanorinska.hr.win7.mojsite.com\/web\/wp-content\/uploads\/2011\/05\/fis-heli-2.jpg\"><img loading=\"lazy\" class=\"alignnone size-medium wp-image-2562\" title=\"Obuka pripadnika HGSS-a iz nase opcine\" src=\"https:\/\/kulanorinska.hr.win7.mojsite.com\/web\/wp-content\/uploads\/2011\/05\/fis-heli-2-300x200.jpg\" alt=\"\" width=\"300\" height=\"200\" srcset=\"https:\/\/kulanorinska.hr\/wp-content\/uploads\/2011\/05\/fis-heli-2-300x200.jpg 300w, https:\/\/kulanorinska.hr\/wp-content\/uploads\/2011\/05\/fis-heli-2.jpg 604w\" sizes=\"(max-width: 300px) 100vw, 300px\" \/><\/a><\/p>\n","protected":false},"excerpt":{"rendered":"<p>Danas su \u010detvorica pripadnika DVD Kula Norinska (Ivan Kaleb iz Podrujnice, \u017deljko Lacku iz Matijevi\u0107a, Andrija Mijo\u010d iz Pozle Gore i Martin \u0160etka iz Desana) otputovala na dvodnevnu vatrogasnu obuku za desantiranje s helihopterom i upotrebu desantne opreme. Obuka se provodu u Putnikovi\u0107ima na Pelje\u0161cu,&#8230;<\/p>\n","protected":false},"author":1,"featured_media":2562,"comment_status":"closed","ping_status":"closed","sticky":false,"template":"","format":"standard","meta":{"_monsterinsights_skip_tracking":false,"_monsterinsights_sitenote_active":false,"_monsterinsights_sitenote_note":"","_monsterinsights_sitenote_category":0,"ngg_post_thumbnail":0},"categories":[3,7,9,11,12],"tags":[],"_links":{"self":[{"href":"https:\/\/kulanorinska.hr\/index.php?rest_route=\/wp\/v2\/posts\/2561"}],"collection":[{"href":"https:\/\/kulanorinska.hr\/index.php?rest_route=\/wp\/v2\/posts"}],"about":[{"href":"https:\/\/kulanorinska.hr\/index.php?rest_route=\/wp\/v2\/types\/post"}],"author":[{"embeddable":true,"href":"https:\/\/kulanorinska.hr\/index.php?rest_route=\/wp\/v2\/users\/1"}],"replies":[{"embeddable":true,"href":"https:\/\/kulanorinska.hr\/index.php?rest_route=%2Fwp%2Fv2%2Fcomments&post=2561"}],"version-history":[{"count":0,"href":"https:\/\/kulanorinska.hr\/index.php?rest_route=\/wp\/v2\/posts\/2561\/revisions"}],"wp:featuredmedia":[{"embeddable":true,"href":"https:\/\/kulanorinska.hr\/index.php?rest_route=\/wp\/v2\/media\/2562"}],"wp:attachment":[{"href":"https:\/\/kulanorinska.hr\/index.php?rest_route=%2Fwp%2Fv2%2Fmedia&parent=2561"}],"wp:term":[{"taxonomy":"category","embeddable":true,"href":"https:\/\/kulanorinska.hr\/index.php?rest_route=%2Fwp%2Fv2%2Fcategories&post=2561"},{"taxonomy":"post_tag","embeddable":true,"href":"https:\/\/kulanorinska.hr\/index.php?rest_route=%2Fwp%2Fv2%2Ftags&post=2561"}],"curies":[{"name":"wp","href":"https:\/\/api.w.org\/{rel}","templated":true}]}}