{"id":2572,"date":"2011-05-24T09:56:01","date_gmt":"2011-05-24T07:56:01","guid":{"rendered":"http:\/\/kulanorinska.hr\/web\/?p=2572"},"modified":"2011-05-24T09:56:01","modified_gmt":"2011-05-24T07:56:01","slug":"kud-zupa-bagalovici-vrlo-aktivan","status":"publish","type":"post","link":"https:\/\/kulanorinska.hr\/?p=2572","title":{"rendered":"KUD \u017dUPA BAGALOVI\u0106I VRLO AKTIVAN"},"content":{"rendered":"<p style=\"text-align: justify;\"><strong>KUD &#8220;\u017dupa Bagalovi\u0107 &#8221; <\/strong>proteklih dana i tjedana ima intenzivne i zapa\u017eene nastupe i\u00a0 aktivnosti u Neretvi, ali diljem Hrvatske.<\/p>\n<p style=\"text-align: justify;\">Nakon gostovanja 01. svibnja u <strong>Dragani\u0107ima,<\/strong> KUD \u201c\u017dupa Bagalovi\u0107i\u201d je gostovalo na manifestaciji <strong>&#8220;Dani Brestja&#8221; <\/strong>u Sesvetama sa srednjom dje\u010dijom skupinom i odraslima od 13.-15.svibnja.<\/p>\n<p style=\"text-align: justify;\">Isto tako u\u010desnici su smotre folklora <strong>&#8220;Na Neretvu mise\u010dina pala&#8221;<\/strong> koja se je odvijala u Metkovi\u0107u od 20.-22. svibnja . Tom prigodom ugo\u0161\u0107eni su \u010dlanovi <strong>KUD-a &#8220;Slavko Jankovi\u0107\u201d<\/strong> iz mjesta <strong>Andrija\u0161evci i Rokovci kod Vinkovaca<\/strong> koji su tako\u0111er bili u\u010desnici smotre \u201cNa Neretvu mise\u010dina pala&#8221;.<\/p>\n<p style=\"text-align: justify;\">Op\u0107ina Kula Norinska je kroz sve aktivnosti pru\u017eila potrebnu potporu na\u0161em KUD-u.<\/p>\n<p><a href=\"http:\/\/kulanorinska.hr.win7.mojsite.com\/web\/wp-content\/uploads\/2011\/05\/Fotografija0138.jpg\"><img loading=\"lazy\" class=\"alignnone size-medium wp-image-2573\" title=\"KUD Bagalovi\u0107i\" src=\"https:\/\/kulanorinska.hr.win7.mojsite.com\/web\/wp-content\/uploads\/2011\/05\/Fotografija0138-300x225.jpg\" alt=\"\" width=\"300\" height=\"225\" srcset=\"https:\/\/kulanorinska.hr\/wp-content\/uploads\/2011\/05\/Fotografija0138-300x225.jpg 300w, https:\/\/kulanorinska.hr\/wp-content\/uploads\/2011\/05\/Fotografija0138-768x576.jpg 768w, https:\/\/kulanorinska.hr\/wp-content\/uploads\/2011\/05\/Fotografija0138.jpg 800w\" sizes=\"(max-width: 300px) 100vw, 300px\" \/><\/a><\/p>\n<p><a href=\"http:\/\/kulanorinska.hr.win7.mojsite.com\/web\/wp-content\/uploads\/2011\/05\/Fotografija0153.jpg\"><img loading=\"lazy\" class=\"alignnone size-medium wp-image-2574\" title=\"KUD \u017dupa Bagalovici u Brestju\" src=\"https:\/\/kulanorinska.hr.win7.mojsite.com\/web\/wp-content\/uploads\/2011\/05\/Fotografija0153-300x225.jpg\" alt=\"\" width=\"300\" height=\"225\" srcset=\"https:\/\/kulanorinska.hr\/wp-content\/uploads\/2011\/05\/Fotografija0153-300x225.jpg 300w, https:\/\/kulanorinska.hr\/wp-content\/uploads\/2011\/05\/Fotografija0153-768x576.jpg 768w, https:\/\/kulanorinska.hr\/wp-content\/uploads\/2011\/05\/Fotografija0153.jpg 800w\" sizes=\"(max-width: 300px) 100vw, 300px\" \/><\/a><\/p>\n","protected":false},"excerpt":{"rendered":"<p>KUD &#8220;\u017dupa Bagalovi\u0107 &#8221; proteklih dana i tjedana ima intenzivne i zapa\u017eene nastupe i\u00a0 aktivnosti u Neretvi, ali diljem Hrvatske. Nakon gostovanja 01. svibnja u Dragani\u0107ima, KUD \u201c\u017dupa Bagalovi\u0107i\u201d je gostovalo na manifestaciji &#8220;Dani Brestja&#8221; u Sesvetama sa srednjom dje\u010dijom skupinom i odraslima od 13.-15.svibnja&#8230;.<\/p>\n","protected":false},"author":1,"featured_media":2574,"comment_status":"closed","ping_status":"closed","sticky":false,"template":"","format":"standard","meta":{"_monsterinsights_skip_tracking":false,"_monsterinsights_sitenote_active":false,"_monsterinsights_sitenote_note":"","_monsterinsights_sitenote_category":0,"ngg_post_thumbnail":0},"categories":[4,9,11],"tags":[],"_links":{"self":[{"href":"https:\/\/kulanorinska.hr\/index.php?rest_route=\/wp\/v2\/posts\/2572"}],"collection":[{"href":"https:\/\/kulanorinska.hr\/index.php?rest_route=\/wp\/v2\/posts"}],"about":[{"href":"https:\/\/kulanorinska.hr\/index.php?rest_route=\/wp\/v2\/types\/post"}],"author":[{"embeddable":true,"href":"https:\/\/kulanorinska.hr\/index.php?rest_route=\/wp\/v2\/users\/1"}],"replies":[{"embeddable":true,"href":"https:\/\/kulanorinska.hr\/index.php?rest_route=%2Fwp%2Fv2%2Fcomments&post=2572"}],"version-history":[{"count":0,"href":"https:\/\/kulanorinska.hr\/index.php?rest_route=\/wp\/v2\/posts\/2572\/revisions"}],"wp:featuredmedia":[{"embeddable":true,"href":"https:\/\/kulanorinska.hr\/index.php?rest_route=\/wp\/v2\/media\/2574"}],"wp:attachment":[{"href":"https:\/\/kulanorinska.hr\/index.php?rest_route=%2Fwp%2Fv2%2Fmedia&parent=2572"}],"wp:term":[{"taxonomy":"category","embeddable":true,"href":"https:\/\/kulanorinska.hr\/index.php?rest_route=%2Fwp%2Fv2%2Fcategories&post=2572"},{"taxonomy":"post_tag","embeddable":true,"href":"https:\/\/kulanorinska.hr\/index.php?rest_route=%2Fwp%2Fv2%2Ftags&post=2572"}],"curies":[{"name":"wp","href":"https:\/\/api.w.org\/{rel}","templated":true}]}}