{"id":2749,"date":"2011-08-03T09:33:39","date_gmt":"2011-08-03T07:33:39","guid":{"rendered":"http:\/\/kulanorinska.hr\/web\/?p=2749"},"modified":"2011-08-03T09:33:39","modified_gmt":"2011-08-03T07:33:39","slug":"ribarska-vecer-u-veselom-ambijentu","status":"publish","type":"post","link":"https:\/\/kulanorinska.hr\/?p=2749","title":{"rendered":"RIBARSKA VE\u010cER U VESELOM AMBIJENTU"},"content":{"rendered":"<p style=\"text-align: justify;\">U Krvavcu je u petak 30. srpnja u ve\u010dernjim satima odr\u017eana Ribarska ve\u010der. Iako je planirano da bude na igrali\u0161tu Guvna, zbog vremenskih (ne) prilika odlu\u010deno je da se odr\u017ei u Domu kulture u Krvavcu, \u0161to nije nimalo umanjilo posje\u0107enost i ambijent samog doga\u0111aja.<\/p>\n<p style=\"text-align: justify;\">Par stotina posjetitelja se zabavljalo uz folklorne plesove, muziku, i\u0107e i pi\u0107e do dugo u no\u0107. Gosti doma\u0107ina su bili <strong>KUD Sv. Juraj iz Dragani\u0107a<\/strong> kod kojeg je gostovao i KUD Bagalovi\u0107i o \u010demu je ve\u0107 pisano na ovim stranicama, a koji su se odu\u0161evili pozitivnom atmosferom i dobrodo\u0161licom koja im je pru\u017eena.<\/p>\n<p style=\"text-align: justify;\">Kako ki\u0161a ipak na kraju nije padala, unato\u010d najavama i ki\u0161nom prijepodnevu, veselo dru\u017eenje se odr\u017eavalo i ispred Doma kulture.<\/p>\n<p style=\"text-align: justify;\">Op\u0107ina Kula Norinska je i ove godine pru\u017eila financijsku i organizacijsku potporu u odr\u017eavanju ovog doga\u0111anja, a prema rije\u010dima na\u010delnika Nikole Krsti\u010devi\u0107a to \u0107e nastaviti i ubudu\u0107e s obzirom da Ribarska ve\u010der u Krvavcu sada ve\u0107 pretvara u tradicionalnu i prepoznatu manifestaciju.<\/p>\n<p style=\"text-align: justify;\"><a href=\"http:\/\/kulanorinska.hr.win7.mojsite.com\/web\/wp-content\/uploads\/2011\/08\/Lindjo.jpg\"><img loading=\"lazy\" class=\"alignnone size-medium wp-image-2750\" title=\"KUD\" src=\"https:\/\/kulanorinska.hr.win7.mojsite.com\/web\/wp-content\/uploads\/2011\/08\/Lindjo-300x224.jpg\" alt=\"\" width=\"300\" height=\"224\" srcset=\"https:\/\/kulanorinska.hr\/wp-content\/uploads\/2011\/08\/Lindjo-300x224.jpg 300w, https:\/\/kulanorinska.hr\/wp-content\/uploads\/2011\/08\/Lindjo.jpg 640w\" sizes=\"(max-width: 300px) 100vw, 300px\" \/><\/a><\/p>\n<p style=\"text-align: justify;\"><a href=\"http:\/\/kulanorinska.hr.win7.mojsite.com\/web\/wp-content\/uploads\/2011\/08\/Ispred.jpg\"><img loading=\"lazy\" class=\"alignnone size-medium wp-image-2751\" title=\"Ribarska vecer\" src=\"https:\/\/kulanorinska.hr.win7.mojsite.com\/web\/wp-content\/uploads\/2011\/08\/Ispred-300x224.jpg\" alt=\"\" width=\"300\" height=\"224\" srcset=\"https:\/\/kulanorinska.hr\/wp-content\/uploads\/2011\/08\/Ispred-300x224.jpg 300w, https:\/\/kulanorinska.hr\/wp-content\/uploads\/2011\/08\/Ispred.jpg 640w\" sizes=\"(max-width: 300px) 100vw, 300px\" \/><\/a><\/p>\n<p style=\"text-align: justify;\"><a href=\"http:\/\/kulanorinska.hr.win7.mojsite.com\/web\/wp-content\/uploads\/2011\/08\/Ispred-3.jpg\"><img loading=\"lazy\" class=\"alignnone size-medium wp-image-2752\" title=\"Ribarska vecer 2\" src=\"https:\/\/kulanorinska.hr.win7.mojsite.com\/web\/wp-content\/uploads\/2011\/08\/Ispred-3-300x224.jpg\" alt=\"\" width=\"300\" height=\"224\" srcset=\"https:\/\/kulanorinska.hr\/wp-content\/uploads\/2011\/08\/Ispred-3-300x224.jpg 300w, https:\/\/kulanorinska.hr\/wp-content\/uploads\/2011\/08\/Ispred-3.jpg 640w\" sizes=\"(max-width: 300px) 100vw, 300px\" \/><\/a><\/p>\n","protected":false},"excerpt":{"rendered":"<p>U Krvavcu je u petak 30. srpnja u ve\u010dernjim satima odr\u017eana Ribarska ve\u010der. Iako je planirano da bude na igrali\u0161tu Guvna, zbog vremenskih (ne) prilika odlu\u010deno je da se odr\u017ei u Domu kulture u Krvavcu, \u0161to nije nimalo umanjilo posje\u0107enost i ambijent samog doga\u0111aja. Par&#8230;<\/p>\n","protected":false},"author":1,"featured_media":2751,"comment_status":"closed","ping_status":"closed","sticky":false,"template":"","format":"standard","meta":{"_monsterinsights_skip_tracking":false,"_monsterinsights_sitenote_active":false,"_monsterinsights_sitenote_note":"","_monsterinsights_sitenote_category":0,"ngg_post_thumbnail":0},"categories":[4,9,11],"tags":[41,99,209],"_links":{"self":[{"href":"https:\/\/kulanorinska.hr\/index.php?rest_route=\/wp\/v2\/posts\/2749"}],"collection":[{"href":"https:\/\/kulanorinska.hr\/index.php?rest_route=\/wp\/v2\/posts"}],"about":[{"href":"https:\/\/kulanorinska.hr\/index.php?rest_route=\/wp\/v2\/types\/post"}],"author":[{"embeddable":true,"href":"https:\/\/kulanorinska.hr\/index.php?rest_route=\/wp\/v2\/users\/1"}],"replies":[{"embeddable":true,"href":"https:\/\/kulanorinska.hr\/index.php?rest_route=%2Fwp%2Fv2%2Fcomments&post=2749"}],"version-history":[{"count":0,"href":"https:\/\/kulanorinska.hr\/index.php?rest_route=\/wp\/v2\/posts\/2749\/revisions"}],"wp:featuredmedia":[{"embeddable":true,"href":"https:\/\/kulanorinska.hr\/index.php?rest_route=\/wp\/v2\/media\/2751"}],"wp:attachment":[{"href":"https:\/\/kulanorinska.hr\/index.php?rest_route=%2Fwp%2Fv2%2Fmedia&parent=2749"}],"wp:term":[{"taxonomy":"category","embeddable":true,"href":"https:\/\/kulanorinska.hr\/index.php?rest_route=%2Fwp%2Fv2%2Fcategories&post=2749"},{"taxonomy":"post_tag","embeddable":true,"href":"https:\/\/kulanorinska.hr\/index.php?rest_route=%2Fwp%2Fv2%2Ftags&post=2749"}],"curies":[{"name":"wp","href":"https:\/\/api.w.org\/{rel}","templated":true}]}}