{"id":2757,"date":"2011-08-05T13:49:04","date_gmt":"2011-08-05T11:49:04","guid":{"rendered":"http:\/\/kulanorinska.hr\/web\/?p=2757"},"modified":"2011-08-05T13:49:04","modified_gmt":"2011-08-05T11:49:04","slug":"cestitka-za-dan-domovinske-zahvalnosti","status":"publish","type":"post","link":"https:\/\/kulanorinska.hr\/?p=2757","title":{"rendered":"DAN DOMOVINSKE ZAHVALNOSTI"},"content":{"rendered":"<p style=\"text-align: justify;\">Danas cijela Republika Hrvatska i svaki domoljubni Hrvat diljem svijeta s ponosom se sje\u0107a veli\u010danstvene pobjede Hrvatske vojske izvojevane u operaciji &#8220;Oluja&#8221;. To nije bila pobjeda samo Hrvatske vosjke, ve\u0107 svakog gra\u0111anina ove dr\u017eave koji je svojim radom, glasom,\u00a0 razumom i po\u0161tenjem doprinio stvaranju te vojske i hrvatske dr\u017eave.<\/p>\n<p style=\"text-align: justify;\">Tisu\u0107e ljudi koji su utkali \u017eivote u neovisnost na\u0161e dr\u017eave, a izme\u0111u njih i tri vojaka iz na\u0161e op\u0107ine, obvezuju nas da ovaj Dan obilje\u017eavamo dostojno, s ponosom, ali i s obvezom na rad za bolje sutra.<\/p>\n<p style=\"text-align: justify;\">Op\u0107ina  Kula Norinska na \u010delu s na\u010delnikom Nikolom Krsti\u010devi\u0107em, zamjenikom  na\u010delnika Brankom Jerkovi\u0107em te Op\u0107inskim vije\u0107em Op\u0107ine Kula Norinska,  svim domoljubnim dr\u017eavljanima Republike Hrvatske i Hrvatima u svijetu  \u010destita Dan domovinske zahvalnosti.<\/p>\n<p style=\"text-align: justify;\">\n<p style=\"text-align: justify;\"><a href=\"http:\/\/kulanorinska.hr.win7.mojsite.com\/web\/wp-content\/uploads\/2011\/08\/Operation_storm_map.jpg\"><img loading=\"lazy\" class=\"alignnone size-medium wp-image-2758\" title=\"Operacija Oluja\" src=\"https:\/\/kulanorinska.hr.win7.mojsite.com\/web\/wp-content\/uploads\/2011\/08\/Operation_storm_map-211x300.jpg\" alt=\"\" width=\"211\" height=\"300\" srcset=\"https:\/\/kulanorinska.hr\/wp-content\/uploads\/2011\/08\/Operation_storm_map-211x300.jpg 211w, https:\/\/kulanorinska.hr\/wp-content\/uploads\/2011\/08\/Operation_storm_map-768x1091.jpg 768w, https:\/\/kulanorinska.hr\/wp-content\/uploads\/2011\/08\/Operation_storm_map-721x1024.jpg 721w, https:\/\/kulanorinska.hr\/wp-content\/uploads\/2011\/08\/Operation_storm_map.jpg 896w\" sizes=\"(max-width: 211px) 100vw, 211px\" \/><\/a><\/p>\n","protected":false},"excerpt":{"rendered":"<p>Danas cijela Republika Hrvatska i svaki domoljubni Hrvat diljem svijeta s ponosom se sje\u0107a veli\u010danstvene pobjede Hrvatske vojske izvojevane u operaciji &#8220;Oluja&#8221;. To nije bila pobjeda samo Hrvatske vosjke, ve\u0107 svakog gra\u0111anina ove dr\u017eave koji je svojim radom, glasom,\u00a0 razumom i po\u0161tenjem doprinio stvaranju te&#8230;<\/p>\n","protected":false},"author":1,"featured_media":2758,"comment_status":"closed","ping_status":"closed","sticky":false,"template":"","format":"standard","meta":{"_monsterinsights_skip_tracking":false,"_monsterinsights_sitenote_active":false,"_monsterinsights_sitenote_note":"","_monsterinsights_sitenote_category":0,"ngg_post_thumbnail":0},"categories":[9,11],"tags":[],"_links":{"self":[{"href":"https:\/\/kulanorinska.hr\/index.php?rest_route=\/wp\/v2\/posts\/2757"}],"collection":[{"href":"https:\/\/kulanorinska.hr\/index.php?rest_route=\/wp\/v2\/posts"}],"about":[{"href":"https:\/\/kulanorinska.hr\/index.php?rest_route=\/wp\/v2\/types\/post"}],"author":[{"embeddable":true,"href":"https:\/\/kulanorinska.hr\/index.php?rest_route=\/wp\/v2\/users\/1"}],"replies":[{"embeddable":true,"href":"https:\/\/kulanorinska.hr\/index.php?rest_route=%2Fwp%2Fv2%2Fcomments&post=2757"}],"version-history":[{"count":0,"href":"https:\/\/kulanorinska.hr\/index.php?rest_route=\/wp\/v2\/posts\/2757\/revisions"}],"wp:featuredmedia":[{"embeddable":true,"href":"https:\/\/kulanorinska.hr\/index.php?rest_route=\/wp\/v2\/media\/2758"}],"wp:attachment":[{"href":"https:\/\/kulanorinska.hr\/index.php?rest_route=%2Fwp%2Fv2%2Fmedia&parent=2757"}],"wp:term":[{"taxonomy":"category","embeddable":true,"href":"https:\/\/kulanorinska.hr\/index.php?rest_route=%2Fwp%2Fv2%2Fcategories&post=2757"},{"taxonomy":"post_tag","embeddable":true,"href":"https:\/\/kulanorinska.hr\/index.php?rest_route=%2Fwp%2Fv2%2Ftags&post=2757"}],"curies":[{"name":"wp","href":"https:\/\/api.w.org\/{rel}","templated":true}]}}