{"id":2864,"date":"2011-09-13T14:04:25","date_gmt":"2011-09-13T12:04:25","guid":{"rendered":"http:\/\/kulanorinska.hr\/web\/?p=2864"},"modified":"2011-09-13T14:04:25","modified_gmt":"2011-09-13T12:04:25","slug":"najava-blagdana-gospe-zalosne","status":"publish","type":"post","link":"https:\/\/kulanorinska.hr\/?p=2864","title":{"rendered":"NAJAVA BLAGDANA GOSPE \u017dALOSNE"},"content":{"rendered":"<p style=\"text-align: justify;\">Na brdu <strong>Bobaj iznad Matijevi\u0107a 15. rujna u \u010detvrtak<\/strong>, odr\u017eat \u0107e se u <strong>17 sati misno slavlje<\/strong> povodom blagdana <strong>Gospe \u017ealosne<\/strong> ispred istoimene kapelice.<\/p>\n<p style=\"text-align: justify;\"><strong>Od 16 sati nekoliko sve\u0107enika \u0107e ispovijedati, a od 16.30 \u0107e se moliti krunica.<\/strong><\/p>\n<p style=\"text-align: justify;\">\u017dupnik \u017eupe Bagalovi\u0107i don Augustin Radovi\u0107 pozvao je vjernike cijele \u017eupe, ali i Neretve da prika\u017eu svoje zavjete Gospi \u017ealosnoj. Obzirom da je po\u010detak nove \u0161kolske godine, Gospa \u017ealosna je uvijek prigoda da velik broj djece sudjeluje u blagoslovu nove \u0161kolske godine<\/p>\n<p style=\"text-align: justify;\">Svake godine vi\u0161e stotina vjernika iz \u017eupe Bagalovi\u0107i, ali i iz cijele Neretve na taj dan od ranih jutarnjih sati hodo\u010daste na malo brdo iznad Matijevi\u0107a ispunjavaju\u0107i svoje zavjete i u\u010dvr\u0161\u0107ivaju\u0107i svoj vjeru pa se tako i ove godine uz dobro vrijeme o\u010dekuje velik broj vjernika.<\/p>\n<p style=\"text-align: justify;\">Ina\u010de kapelica je izgra\u0111ena navodno sredinom 19. stolje\u0107a kao zavjet jedne \u017eene kojoj su se ra\u0111ala mrtva djeca. Nakon izvr\u0161enog zavjeta ostala djeca su joj se navodno ra\u0111ala bez problema.<\/p>\n<p style=\"text-align: justify;\">I danas tijekom godine mnogi ljudi svoje zavjete prikazuju upravo na Bobaju u okru\u017eju prirode, u ti\u0161ini \u0161ume gdje mogu dobro sabrati svoje misli.<\/p>\n<p style=\"text-align: justify;\"><a href=\"http:\/\/kulanorinska.hr.win7.mojsite.com\/web\/wp-content\/uploads\/2011\/09\/A-g1.jpg\"><img loading=\"lazy\" class=\"alignnone size-medium wp-image-2866\" title=\"Gospa \u017ealosna\" src=\"https:\/\/kulanorinska.hr.win7.mojsite.com\/web\/wp-content\/uploads\/2011\/09\/A-g1-225x300.jpg\" alt=\"\" width=\"225\" height=\"300\" srcset=\"https:\/\/kulanorinska.hr\/wp-content\/uploads\/2011\/09\/A-g1-225x300.jpg 225w, https:\/\/kulanorinska.hr\/wp-content\/uploads\/2011\/09\/A-g1.jpg 453w\" sizes=\"(max-width: 225px) 100vw, 225px\" \/><\/a><\/p>\n<p style=\"text-align: justify;\"><em>Pro\u0161logodi\u0161nje misno slavlje<\/em><\/p>\n<p style=\"text-align: justify;\"><a href=\"http:\/\/kulanorinska.hr.win7.mojsite.com\/web\/wp-content\/uploads\/2011\/09\/A-g.jpg\"><img loading=\"lazy\" class=\"alignnone size-medium wp-image-2865\" title=\"Misa\" src=\"https:\/\/kulanorinska.hr.win7.mojsite.com\/web\/wp-content\/uploads\/2011\/09\/A-g-300x225.jpg\" alt=\"\" width=\"300\" height=\"225\" srcset=\"https:\/\/kulanorinska.hr\/wp-content\/uploads\/2011\/09\/A-g-300x225.jpg 300w, https:\/\/kulanorinska.hr\/wp-content\/uploads\/2011\/09\/A-g.jpg 640w\" sizes=\"(max-width: 300px) 100vw, 300px\" \/><\/a><\/p>\n","protected":false},"excerpt":{"rendered":"<p>Na brdu Bobaj iznad Matijevi\u0107a 15. rujna u \u010detvrtak, odr\u017eat \u0107e se u 17 sati misno slavlje povodom blagdana Gospe \u017ealosne ispred istoimene kapelice. Od 16 sati nekoliko sve\u0107enika \u0107e ispovijedati, a od 16.30 \u0107e se moliti krunica. \u017dupnik \u017eupe Bagalovi\u0107i don Augustin Radovi\u0107 pozvao&#8230;<\/p>\n","protected":false},"author":1,"featured_media":2866,"comment_status":"closed","ping_status":"closed","sticky":false,"template":"","format":"standard","meta":{"_monsterinsights_skip_tracking":false,"_monsterinsights_sitenote_active":false,"_monsterinsights_sitenote_note":"","_monsterinsights_sitenote_category":0,"ngg_post_thumbnail":0},"categories":[7,9,11],"tags":[],"_links":{"self":[{"href":"https:\/\/kulanorinska.hr\/index.php?rest_route=\/wp\/v2\/posts\/2864"}],"collection":[{"href":"https:\/\/kulanorinska.hr\/index.php?rest_route=\/wp\/v2\/posts"}],"about":[{"href":"https:\/\/kulanorinska.hr\/index.php?rest_route=\/wp\/v2\/types\/post"}],"author":[{"embeddable":true,"href":"https:\/\/kulanorinska.hr\/index.php?rest_route=\/wp\/v2\/users\/1"}],"replies":[{"embeddable":true,"href":"https:\/\/kulanorinska.hr\/index.php?rest_route=%2Fwp%2Fv2%2Fcomments&post=2864"}],"version-history":[{"count":0,"href":"https:\/\/kulanorinska.hr\/index.php?rest_route=\/wp\/v2\/posts\/2864\/revisions"}],"wp:featuredmedia":[{"embeddable":true,"href":"https:\/\/kulanorinska.hr\/index.php?rest_route=\/wp\/v2\/media\/2866"}],"wp:attachment":[{"href":"https:\/\/kulanorinska.hr\/index.php?rest_route=%2Fwp%2Fv2%2Fmedia&parent=2864"}],"wp:term":[{"taxonomy":"category","embeddable":true,"href":"https:\/\/kulanorinska.hr\/index.php?rest_route=%2Fwp%2Fv2%2Fcategories&post=2864"},{"taxonomy":"post_tag","embeddable":true,"href":"https:\/\/kulanorinska.hr\/index.php?rest_route=%2Fwp%2Fv2%2Ftags&post=2864"}],"curies":[{"name":"wp","href":"https:\/\/api.w.org\/{rel}","templated":true}]}}