{"id":2874,"date":"2011-09-16T12:45:41","date_gmt":"2011-09-16T10:45:41","guid":{"rendered":"http:\/\/kulanorinska.hr\/web\/?p=2874"},"modified":"2011-09-16T12:45:41","modified_gmt":"2011-09-16T10:45:41","slug":"2874","status":"publish","type":"post","link":"https:\/\/kulanorinska.hr\/?p=2874","title":{"rendered":"FOTOGRAFIJE S BRDA BOBAJ"},"content":{"rendered":"<p>Donosimo par fotografija\u00a0 s brda Bobaj  samo 300-injak metara iznad mjesta Matijevi\u0107a gdje je odr\u017eana misa u  \u0161umi povodom blagdana <strong>Gospe \u017ealosne.<\/strong><\/p>\n<p style=\"text-align: justify;\">Vi\u0161e stotina vjernika, ponajvi\u0161e iz <strong>Matijevi\u0107a, Metkovi\u0107a, Kule Norinska, oba Krvavaca, Momi\u0107a, Podrujnice i Komina,<\/strong> sudjelovalo je u misi koju je predvodio <strong>\u017eupnik \u017eupe Vidonje sa \u017eupnikom \u017eupe Bagalovi\u0107i<\/strong>. Prije mise nekoliko sve\u0107enika i iz drugh \u017eupa je ispovijedalo mnogbrojne vjernike.<\/p>\n<p style=\"text-align: justify;\">Me\u0111u mno\u0161tvom vjernika je bio i  velik broj mladih koji godinama idu na brdo Bobaj gdje dobiju blagoslov  za narednu \u0161kolsku godinu.<\/p>\n<p>I ove  godine su misno slavlje pratila oba zbora \u017eupe Bagalovi\u0107i \u2013 onaj koji  pjeva starocrkvene napjeve na tradicionalan na\u010din te mje\u0161oviti zbor \u017eupe  Bagalovi\u0107i.<\/p>\n<p><a href=\"http:\/\/kulanorinska.hr.win7.mojsite.com\/web\/wp-content\/uploads\/2011\/09\/DSC00397.jpg\"><img loading=\"lazy\" class=\"alignnone size-medium wp-image-2875\" title=\"DSC00397\" src=\"https:\/\/kulanorinska.hr.win7.mojsite.com\/web\/wp-content\/uploads\/2011\/09\/DSC00397-300x225.jpg\" alt=\"\" width=\"300\" height=\"225\" srcset=\"https:\/\/kulanorinska.hr\/wp-content\/uploads\/2011\/09\/DSC00397-300x225.jpg 300w, https:\/\/kulanorinska.hr\/wp-content\/uploads\/2011\/09\/DSC00397.jpg 640w\" sizes=\"(max-width: 300px) 100vw, 300px\" \/><\/a><\/p>\n<p><a href=\"http:\/\/kulanorinska.hr.win7.mojsite.com\/web\/wp-content\/uploads\/2011\/09\/DSC00399.jpg\"><img loading=\"lazy\" class=\"alignnone size-medium wp-image-2876\" title=\"DSC00399\" src=\"https:\/\/kulanorinska.hr.win7.mojsite.com\/web\/wp-content\/uploads\/2011\/09\/DSC00399-300x225.jpg\" alt=\"\" width=\"300\" height=\"225\" srcset=\"https:\/\/kulanorinska.hr\/wp-content\/uploads\/2011\/09\/DSC00399-300x225.jpg 300w, https:\/\/kulanorinska.hr\/wp-content\/uploads\/2011\/09\/DSC00399.jpg 640w\" sizes=\"(max-width: 300px) 100vw, 300px\" \/><\/a><\/p>\n<p><a href=\"http:\/\/kulanorinska.hr.win7.mojsite.com\/web\/wp-content\/uploads\/2011\/09\/DSC00401.jpg\"><img loading=\"lazy\" class=\"alignnone size-medium wp-image-2877\" title=\"DSC00401\" src=\"https:\/\/kulanorinska.hr.win7.mojsite.com\/web\/wp-content\/uploads\/2011\/09\/DSC00401-300x225.jpg\" alt=\"\" width=\"300\" height=\"225\" srcset=\"https:\/\/kulanorinska.hr\/wp-content\/uploads\/2011\/09\/DSC00401-300x225.jpg 300w, https:\/\/kulanorinska.hr\/wp-content\/uploads\/2011\/09\/DSC00401.jpg 640w\" sizes=\"(max-width: 300px) 100vw, 300px\" \/><\/a><\/p>\n<p><a href=\"http:\/\/kulanorinska.hr.win7.mojsite.com\/web\/wp-content\/uploads\/2011\/09\/Gospa-zalosna-2011.jpg\"><img loading=\"lazy\" class=\"alignnone size-medium wp-image-2878\" title=\"Gospa zalosna 2011\" src=\"https:\/\/kulanorinska.hr.win7.mojsite.com\/web\/wp-content\/uploads\/2011\/09\/Gospa-zalosna-2011-300x225.jpg\" alt=\"\" width=\"300\" height=\"225\" srcset=\"https:\/\/kulanorinska.hr\/wp-content\/uploads\/2011\/09\/Gospa-zalosna-2011-300x225.jpg 300w, https:\/\/kulanorinska.hr\/wp-content\/uploads\/2011\/09\/Gospa-zalosna-2011.jpg 640w\" sizes=\"(max-width: 300px) 100vw, 300px\" \/><\/a><\/p>\n<p><a href=\"http:\/\/kulanorinska.hr.win7.mojsite.com\/web\/wp-content\/uploads\/2011\/09\/Gospa-zalosna-2011-5.jpg\"><img loading=\"lazy\" class=\"alignnone size-medium wp-image-2879\" title=\"Gospa zalosna 2011 (5)\" src=\"https:\/\/kulanorinska.hr.win7.mojsite.com\/web\/wp-content\/uploads\/2011\/09\/Gospa-zalosna-2011-5-300x225.jpg\" alt=\"\" width=\"300\" height=\"225\" srcset=\"https:\/\/kulanorinska.hr\/wp-content\/uploads\/2011\/09\/Gospa-zalosna-2011-5-300x225.jpg 300w, https:\/\/kulanorinska.hr\/wp-content\/uploads\/2011\/09\/Gospa-zalosna-2011-5.jpg 640w\" sizes=\"(max-width: 300px) 100vw, 300px\" \/><\/a><\/p>\n<p><a href=\"http:\/\/kulanorinska.hr.win7.mojsite.com\/web\/wp-content\/uploads\/2011\/09\/Gospa-zalosna-2011-6.jpg\"><img loading=\"lazy\" class=\"alignnone size-medium wp-image-2880\" title=\"Gospa zalosna 2011 (6)\" src=\"https:\/\/kulanorinska.hr.win7.mojsite.com\/web\/wp-content\/uploads\/2011\/09\/Gospa-zalosna-2011-6-300x225.jpg\" alt=\"\" width=\"300\" height=\"225\" srcset=\"https:\/\/kulanorinska.hr\/wp-content\/uploads\/2011\/09\/Gospa-zalosna-2011-6-300x225.jpg 300w, https:\/\/kulanorinska.hr\/wp-content\/uploads\/2011\/09\/Gospa-zalosna-2011-6.jpg 640w\" sizes=\"(max-width: 300px) 100vw, 300px\" \/><\/a><\/p>\n","protected":false},"excerpt":{"rendered":"<p>Donosimo par fotografija\u00a0 s brda Bobaj samo 300-injak metara iznad mjesta Matijevi\u0107a gdje je odr\u017eana misa u \u0161umi povodom blagdana Gospe \u017ealosne. Vi\u0161e stotina vjernika, ponajvi\u0161e iz Matijevi\u0107a, Metkovi\u0107a, Kule Norinska, oba Krvavaca, Momi\u0107a, Podrujnice i Komina, sudjelovalo je u misi koju je predvodio \u017eupnik&#8230;<\/p>\n","protected":false},"author":1,"featured_media":2880,"comment_status":"closed","ping_status":"closed","sticky":false,"template":"","format":"standard","meta":{"_monsterinsights_skip_tracking":false,"_monsterinsights_sitenote_active":false,"_monsterinsights_sitenote_note":"","_monsterinsights_sitenote_category":0,"ngg_post_thumbnail":0},"categories":[4,5,6,7,8,9,11,12],"tags":[],"_links":{"self":[{"href":"https:\/\/kulanorinska.hr\/index.php?rest_route=\/wp\/v2\/posts\/2874"}],"collection":[{"href":"https:\/\/kulanorinska.hr\/index.php?rest_route=\/wp\/v2\/posts"}],"about":[{"href":"https:\/\/kulanorinska.hr\/index.php?rest_route=\/wp\/v2\/types\/post"}],"author":[{"embeddable":true,"href":"https:\/\/kulanorinska.hr\/index.php?rest_route=\/wp\/v2\/users\/1"}],"replies":[{"embeddable":true,"href":"https:\/\/kulanorinska.hr\/index.php?rest_route=%2Fwp%2Fv2%2Fcomments&post=2874"}],"version-history":[{"count":0,"href":"https:\/\/kulanorinska.hr\/index.php?rest_route=\/wp\/v2\/posts\/2874\/revisions"}],"wp:featuredmedia":[{"embeddable":true,"href":"https:\/\/kulanorinska.hr\/index.php?rest_route=\/wp\/v2\/media\/2880"}],"wp:attachment":[{"href":"https:\/\/kulanorinska.hr\/index.php?rest_route=%2Fwp%2Fv2%2Fmedia&parent=2874"}],"wp:term":[{"taxonomy":"category","embeddable":true,"href":"https:\/\/kulanorinska.hr\/index.php?rest_route=%2Fwp%2Fv2%2Fcategories&post=2874"},{"taxonomy":"post_tag","embeddable":true,"href":"https:\/\/kulanorinska.hr\/index.php?rest_route=%2Fwp%2Fv2%2Ftags&post=2874"}],"curies":[{"name":"wp","href":"https:\/\/api.w.org\/{rel}","templated":true}]}}