{"id":3103,"date":"2012-01-10T12:50:04","date_gmt":"2012-01-10T11:50:04","guid":{"rendered":"http:\/\/kulanorinska.hr\/web\/?p=3103"},"modified":"2012-01-10T12:50:04","modified_gmt":"2012-01-10T11:50:04","slug":"glasacka-mjesta-za-referendum","status":"publish","type":"post","link":"https:\/\/kulanorinska.hr\/?p=3103","title":{"rendered":"GLASA\u010cKA MJESTA ZA REFERENDUM"},"content":{"rendered":"<p><strong>REPUBLIKA HRVATSKA<\/strong><\/p>\n<p><strong>DUBROVA\u010cKO-NERETVANSKA \u017dUPANIJA<\/strong><\/p>\n<p><strong>POVJERENSTVO ZA PROVEDBU DR\u017dAVNOG REFERENDUMA<\/strong><\/p>\n<p><strong>U OP\u0106INI KULA NORINSKA<\/strong><\/p>\n<p style=\"text-align: justify;\">Na temelju \u010dl. 18. Zakona o referendumu i drugim oblicima osobnog sudjelovanja u obavljanju dr\u017eavne vlasti i lokalne i podru\u010dne (regionalne) samouprave (\u201eNarodne novine\u201c broj 33\/96.,92\/01.,44\/06. \u2013 Zakon o Dr\u017eavnom izbornom povjerenstvu Republike Hrvatske, 58\/06.-Odluka Ustavnog suda broj U-I-177\/2002., 69\/07.-Odluka\u00a0 Ustavnog suda broj U-I-2051-2007.,38\/09.,85\/10.\u00a0 Ustav Republike Hrvatske \u2013 pro\u010di\u0161\u0107eni tekst), Op\u0107insko izborno povjerenstvo Op\u0107ine Kula Norinska donosi<\/p>\n<p style=\"text-align: center;\"><strong>R J E \u0160 E N J E<\/strong><\/p>\n<p style=\"text-align: center;\"><strong>O ODRE\u0110IVANJU GLASA\u010cKIH MJESTA <\/strong><\/p>\n<p><strong> <\/strong><\/p>\n<p><strong> <\/strong><\/p>\n<p>Na podru\u010dju op\u0107ine Kula Norinska odre\u0111uju se slijede\u0107a glasa\u010dka mjesta:<\/p>\n<p>1. glasa\u010dko mjesto broj 1 u DESNAMA, Strimen 51,      prostorije biv\u0161e trgovine \u2013 ku\u0107a Vedrana Bebi\u0107a<\/p>\n<p>koje obuhva\u0107a bira\u010de s prebivali\u0161tem u Desnama<\/p>\n<p>2. glasa\u010dko mjesto broj 2 u KRVAVCU, Trg Marija      Nikoli\u0107a Ki\u0161a 10 \u2013 prostorije \u201eDoma kulture\u201c<\/p>\n<p>koje obuhva\u0107a bira\u010de s prebivali\u0161tem u Krvavcu<\/p>\n<p>3. glasa\u010dko mjesto broj 3 u KRVAVCU II, prostorije      Sportskog centra, Neretvanska bb<\/p>\n<p>koje obuhva\u0107a bira\u010de s prebivali\u0161tem u Krvavcu II<\/p>\n<p>4. glasa\u010dko mjesto broj 4 u KULI NORINSKOJ \u2013      prostorije Osnovne \u0161kole Kula Norinska<\/p>\n<p>koje obuhva\u0107a bira\u010de s prebivali\u0161tem u naseljima Kula Norinska i Matijevi\u0107i ( do ku\u0107e Petra Brljevi\u0107a )<\/p>\n<p>5. glasa\u010dko mjesto broj 5 u MOMI\u0106IMA \u2013 prostorije      Osnovne \u0161kole<\/p>\n<p>koje obuhva\u0107a bira\u010de s prebivali\u0161tem u Momi\u0107ima ( od ku\u0107e Petra Brljevi\u0107a )<\/p>\n<p>6. glasa\u010dko mjesto broj 6. u PODRUJNICI \u2013 prostorije      \u201eMjesnog doma\u201c<\/p>\n<p>koje obuhva\u0107a bira\u010de s prebivali\u0161tem u Podrujnici<\/p>\n<p>7. glasa\u010dko mjesto broj 7 u NOVIM SELIMA \u2013 prostorije      biv\u0161e Osnovne \u0161kole<\/p>\n<p>koje obuhva\u0107a bira\u010de s prebivali\u0161tem u Novim Selima i Borovcima<\/p>\n<p style=\"text-align: center;\">U Kuli Norinskoj, 11. sije\u010dnja 2012. godine<\/p>\n<p style=\"text-align: right;\">PREDSJEDNIK<\/p>\n<p style=\"text-align: right;\">Branko \u0110ugum, dipl.iur.<\/p>\n","protected":false},"excerpt":{"rendered":"<p>REPUBLIKA HRVATSKA DUBROVA\u010cKO-NERETVANSKA \u017dUPANIJA POVJERENSTVO ZA PROVEDBU DR\u017dAVNOG REFERENDUMA U OP\u0106INI KULA NORINSKA Na temelju \u010dl. 18. Zakona o referendumu i drugim oblicima osobnog sudjelovanja u obavljanju dr\u017eavne vlasti i lokalne i podru\u010dne (regionalne) samouprave (\u201eNarodne novine\u201c broj 33\/96.,92\/01.,44\/06. \u2013 Zakon o Dr\u017eavnom izbornom povjerenstvu&#8230;<\/p>\n","protected":false},"author":1,"featured_media":3104,"comment_status":"closed","ping_status":"closed","sticky":false,"template":"","format":"standard","meta":{"_monsterinsights_skip_tracking":false,"_monsterinsights_sitenote_active":false,"_monsterinsights_sitenote_note":"","_monsterinsights_sitenote_category":0,"ngg_post_thumbnail":0},"categories":[2,3,4,5,6,7,8,9,10,11,12],"tags":[61,204],"_links":{"self":[{"href":"https:\/\/kulanorinska.hr\/index.php?rest_route=\/wp\/v2\/posts\/3103"}],"collection":[{"href":"https:\/\/kulanorinska.hr\/index.php?rest_route=\/wp\/v2\/posts"}],"about":[{"href":"https:\/\/kulanorinska.hr\/index.php?rest_route=\/wp\/v2\/types\/post"}],"author":[{"embeddable":true,"href":"https:\/\/kulanorinska.hr\/index.php?rest_route=\/wp\/v2\/users\/1"}],"replies":[{"embeddable":true,"href":"https:\/\/kulanorinska.hr\/index.php?rest_route=%2Fwp%2Fv2%2Fcomments&post=3103"}],"version-history":[{"count":0,"href":"https:\/\/kulanorinska.hr\/index.php?rest_route=\/wp\/v2\/posts\/3103\/revisions"}],"wp:featuredmedia":[{"embeddable":true,"href":"https:\/\/kulanorinska.hr\/index.php?rest_route=\/wp\/v2\/media\/3104"}],"wp:attachment":[{"href":"https:\/\/kulanorinska.hr\/index.php?rest_route=%2Fwp%2Fv2%2Fmedia&parent=3103"}],"wp:term":[{"taxonomy":"category","embeddable":true,"href":"https:\/\/kulanorinska.hr\/index.php?rest_route=%2Fwp%2Fv2%2Fcategories&post=3103"},{"taxonomy":"post_tag","embeddable":true,"href":"https:\/\/kulanorinska.hr\/index.php?rest_route=%2Fwp%2Fv2%2Ftags&post=3103"}],"curies":[{"name":"wp","href":"https:\/\/api.w.org\/{rel}","templated":true}]}}