{"id":3313,"date":"2012-04-22T15:00:52","date_gmt":"2012-04-22T13:00:52","guid":{"rendered":"http:\/\/kulanorinska.hr\/web\/?p=3313"},"modified":"2012-04-22T15:00:52","modified_gmt":"2012-04-22T13:00:52","slug":"vecer-poezije-u-skoli-u-kuli-norinskoj","status":"publish","type":"post","link":"https:\/\/kulanorinska.hr\/?p=3313","title":{"rendered":"VE\u010cER POEZIJE I U NAS"},"content":{"rendered":"<p><strong> <\/strong><\/p>\n<h3><strong>24.travnja.u utorak u 19.30 u \u0161portskoj dvorani Osnovne \u0160kole Kula Norinska odr\u017eat \u0107e se &#8220;Ve\u010der poezije&#8221;<br \/>\n<\/strong><\/h3>\n<p><strong>Na &#8220;Ve\u010deri poezije&#8221; \u0107e poetne uratke prezentirati u\u010denici, Kulturno-umjetn\u010dko dru\u0161tvo &#8220;Bagalovi\u0107i&#8221; i Selma Or\u0161uli\u0107<br \/>\n<\/strong><\/p>\n<p><strong>Povod za ovu nesvakida\u0161nju ve\u010der u na\u0161oj op\u0107ini je Dan planete zemlja i Dan knjige<br \/>\n<\/strong><\/p>\n<p><strong>Pozivamo sve zainteresirane da prisustvuju navedenoj ve\u010deri i da do\u017eive ovaj nesvakida\u0161nji kulturni doga\u0111aj u svojoj sredini<\/strong><\/p>\n<p><a href=\"http:\/\/kulanorinska.hr.win7.mojsite.com\/web\/wp-content\/uploads\/2012\/04\/knjiga.jpg\"><img loading=\"lazy\" class=\"alignnone size-medium wp-image-3314\" title=\"knjiga\" src=\"https:\/\/kulanorinska.hr.win7.mojsite.com\/web\/wp-content\/uploads\/2012\/04\/knjiga-300x213.jpg\" alt=\"\" width=\"300\" height=\"213\" \/><\/a><\/p>\n","protected":false},"excerpt":{"rendered":"<p>24.travnja.u utorak u 19.30 u \u0161portskoj dvorani Osnovne \u0160kole Kula Norinska odr\u017eat \u0107e se &#8220;Ve\u010der poezije&#8221; Na &#8220;Ve\u010deri poezije&#8221; \u0107e poetne uratke prezentirati u\u010denici, Kulturno-umjetn\u010dko dru\u0161tvo &#8220;Bagalovi\u0107i&#8221; i Selma Or\u0161uli\u0107 Povod za ovu nesvakida\u0161nju ve\u010der u na\u0161oj op\u0107ini je Dan planete zemlja i Dan knjige&#8230;<\/p>\n","protected":false},"author":1,"featured_media":3314,"comment_status":"closed","ping_status":"closed","sticky":false,"template":"","format":"standard","meta":{"_monsterinsights_skip_tracking":false,"_monsterinsights_sitenote_active":false,"_monsterinsights_sitenote_note":"","_monsterinsights_sitenote_category":0,"ngg_post_thumbnail":0},"categories":[6,9,11],"tags":[],"_links":{"self":[{"href":"https:\/\/kulanorinska.hr\/index.php?rest_route=\/wp\/v2\/posts\/3313"}],"collection":[{"href":"https:\/\/kulanorinska.hr\/index.php?rest_route=\/wp\/v2\/posts"}],"about":[{"href":"https:\/\/kulanorinska.hr\/index.php?rest_route=\/wp\/v2\/types\/post"}],"author":[{"embeddable":true,"href":"https:\/\/kulanorinska.hr\/index.php?rest_route=\/wp\/v2\/users\/1"}],"replies":[{"embeddable":true,"href":"https:\/\/kulanorinska.hr\/index.php?rest_route=%2Fwp%2Fv2%2Fcomments&post=3313"}],"version-history":[{"count":0,"href":"https:\/\/kulanorinska.hr\/index.php?rest_route=\/wp\/v2\/posts\/3313\/revisions"}],"wp:featuredmedia":[{"embeddable":true,"href":"https:\/\/kulanorinska.hr\/index.php?rest_route=\/wp\/v2\/media\/3314"}],"wp:attachment":[{"href":"https:\/\/kulanorinska.hr\/index.php?rest_route=%2Fwp%2Fv2%2Fmedia&parent=3313"}],"wp:term":[{"taxonomy":"category","embeddable":true,"href":"https:\/\/kulanorinska.hr\/index.php?rest_route=%2Fwp%2Fv2%2Fcategories&post=3313"},{"taxonomy":"post_tag","embeddable":true,"href":"https:\/\/kulanorinska.hr\/index.php?rest_route=%2Fwp%2Fv2%2Ftags&post=3313"}],"curies":[{"name":"wp","href":"https:\/\/api.w.org\/{rel}","templated":true}]}}