{"id":3418,"date":"2012-06-15T19:05:51","date_gmt":"2012-06-15T17:05:51","guid":{"rendered":"http:\/\/kulanorinska.hr\/web\/?p=3418"},"modified":"2012-06-15T19:05:51","modified_gmt":"2012-06-15T17:05:51","slug":"javni-poziv-za-radionicu","status":"publish","type":"post","link":"https:\/\/kulanorinska.hr\/?p=3418","title":{"rendered":"JAVNI POZIV ZA RADIONICU"},"content":{"rendered":"<p><strong><em>REPUBLIKA HRVATSKA<\/em><\/strong><\/p>\n<p><strong><em>DUBROVA\u010cKO-NERETVANSKA \u017dUPANIJA<\/em><\/strong><\/p>\n<p><strong><em>OP\u0106INA KULA NORINSKA<\/em><\/strong><\/p>\n<p>Kula Norinska, 15.06.2012.g.<\/p>\n<p><strong> <\/strong><\/p>\n<p><strong> <\/strong><\/p>\n<p><strong> <\/strong><\/p>\n<p><strong> <\/strong><\/p>\n<p><strong> <\/strong><\/p>\n<p><strong> <\/strong><\/p>\n<h1 style=\"text-align: center;\"><strong>P \u00a0\u00a0\u00a0\u00a0O \u00a0\u00a0\u00a0\u00a0\u00a0Z \u00a0\u00a0\u00a0\u00a0\u00a0I \u00a0\u00a0\u00a0\u00a0\u00a0V<\/strong><\/h1>\n<p><strong><br \/>\n<\/strong><\/p>\n<h1><strong> <\/strong><\/h1>\n<h1><strong> <\/strong><\/h1>\n<h1><strong> <\/strong><\/h1>\n<h3 style=\"text-align: justify;\"><strong>Dana 19. Lipnja 2012. Godine (utorak) s po\u010detkom u 14. Sati u prostorijama Doma kulture u Krvavcu odr\u017eati \u0107e se radionica koju organizira \u017dupanijska razvojna agencija \u201eDUNEA\u201c.<\/strong><\/h3>\n<h3 style=\"text-align: justify;\"><strong>Tema radionice je na\u010din provo\u0111enja \u201eLEADER\u201c programa, a odnosi se na bolje povezivanje sektora dru\u0161tva u cilju kvalitetnijeg kori\u0161tenja vlastitih resursa i potencijala. <\/strong><\/h3>\n<h3 style=\"text-align: justify;\"><strong>Pozivaju se svi zainteresirani, obrtnici, udruge, da slobodno prisustvuju radionici u \u0161to ve\u0107em broju.<\/strong><\/h3>\n<p><strong> <\/strong><\/p>\n<p><strong> <\/strong><\/p>\n<p><strong> <\/strong><\/p>\n<p style=\"text-align: right;\"><strong> OP\u0106INA KULA NORINSKA <\/strong><\/p>\n<p style=\"text-align: right;\">\n<p style=\"text-align: justify;\"><strong>\u0160to je to &#8220;leader&#8221; program u teoriji, ali u praksi mo\u017eete vidjeti preuzimanjem bro\u0161ure jedne na\u0161e \u017eupanije\u00a0 klikom na link: <a href=\"http:\/\/www.pbiro.hr\/leader_program_europskom_praksom_do_vlastitih_prilika.pdf\">bro\u0161ura <\/a><br \/>\n<\/strong><\/p>\n","protected":false},"excerpt":{"rendered":"<p>REPUBLIKA HRVATSKA DUBROVA\u010cKO-NERETVANSKA \u017dUPANIJA OP\u0106INA KULA NORINSKA Kula Norinska, 15.06.2012.g. P \u00a0\u00a0\u00a0\u00a0O \u00a0\u00a0\u00a0\u00a0\u00a0Z \u00a0\u00a0\u00a0\u00a0\u00a0I \u00a0\u00a0\u00a0\u00a0\u00a0V Dana 19. Lipnja 2012. Godine (utorak) s po\u010detkom u 14. Sati u prostorijama Doma kulture u Krvavcu odr\u017eati \u0107e se radionica koju organizira \u017dupanijska razvojna agencija \u201eDUNEA\u201c. Tema radionice je&#8230;<\/p>\n","protected":false},"author":1,"featured_media":3419,"comment_status":"closed","ping_status":"closed","sticky":false,"template":"","format":"standard","meta":{"_monsterinsights_skip_tracking":false,"_monsterinsights_sitenote_active":false,"_monsterinsights_sitenote_note":"","_monsterinsights_sitenote_category":0,"ngg_post_thumbnail":0},"categories":[9,11],"tags":[47,105,109],"_links":{"self":[{"href":"https:\/\/kulanorinska.hr\/index.php?rest_route=\/wp\/v2\/posts\/3418"}],"collection":[{"href":"https:\/\/kulanorinska.hr\/index.php?rest_route=\/wp\/v2\/posts"}],"about":[{"href":"https:\/\/kulanorinska.hr\/index.php?rest_route=\/wp\/v2\/types\/post"}],"author":[{"embeddable":true,"href":"https:\/\/kulanorinska.hr\/index.php?rest_route=\/wp\/v2\/users\/1"}],"replies":[{"embeddable":true,"href":"https:\/\/kulanorinska.hr\/index.php?rest_route=%2Fwp%2Fv2%2Fcomments&post=3418"}],"version-history":[{"count":0,"href":"https:\/\/kulanorinska.hr\/index.php?rest_route=\/wp\/v2\/posts\/3418\/revisions"}],"wp:featuredmedia":[{"embeddable":true,"href":"https:\/\/kulanorinska.hr\/index.php?rest_route=\/wp\/v2\/media\/3419"}],"wp:attachment":[{"href":"https:\/\/kulanorinska.hr\/index.php?rest_route=%2Fwp%2Fv2%2Fmedia&parent=3418"}],"wp:term":[{"taxonomy":"category","embeddable":true,"href":"https:\/\/kulanorinska.hr\/index.php?rest_route=%2Fwp%2Fv2%2Fcategories&post=3418"},{"taxonomy":"post_tag","embeddable":true,"href":"https:\/\/kulanorinska.hr\/index.php?rest_route=%2Fwp%2Fv2%2Ftags&post=3418"}],"curies":[{"name":"wp","href":"https:\/\/api.w.org\/{rel}","templated":true}]}}