{"id":3693,"date":"2012-11-16T16:04:43","date_gmt":"2012-11-16T15:04:43","guid":{"rendered":"http:\/\/kulanorinska.hr\/web\/?p=3693"},"modified":"2012-11-16T16:04:43","modified_gmt":"2012-11-16T15:04:43","slug":"pravda-je-ipak-pobijedila","status":"publish","type":"post","link":"https:\/\/kulanorinska.hr\/?p=3693","title":{"rendered":"PRAVDA JE IPAK POBIJEDILA!!"},"content":{"rendered":"<p style=\"text-align: justify;\"><strong>Cijela op\u0107ina Kula Norinska je s odu\u0161evljenjem do\u010dekala vijest da su hrvatski generali Ante Gotovina i Mladen Marka\u010d oslobo\u0111eni po svim to\u010dkama optu\u017enice.<\/strong><\/p>\n<p style=\"text-align: justify;\"><strong>Veselje koje je zavladalo u domovina diljem op\u0107ine Kula Norinska je bilo neopisivo,a zajedni\u0161tvo i radost koji su zavladali podsjetili su na 04. kolovoza 1995. godine kada je otpo\u010dela operacija Oluja.<\/strong><\/p>\n<p style=\"text-align: justify;\"><strong>Ovim putem i Op\u0107ina Kula Norinska \u010destita svojim generalima na onom \u0161to su u\u010dinili za svoju Domovinu i \u017eeli im sretan povratak u Domovinu!<\/strong><\/p>\n<p><a href=\"http:\/\/kulanorinska.hr.win7.mojsite.com\/web\/wp-content\/uploads\/2012\/11\/gotovina-i-markac.jpg\"><img loading=\"lazy\" class=\"alignnone size-full wp-image-3694\" title=\"gotovina-i-markac\" src=\"https:\/\/kulanorinska.hr.win7.mojsite.com\/web\/wp-content\/uploads\/2012\/11\/gotovina-i-markac.jpg\" alt=\"\" width=\"527\" height=\"330\" srcset=\"https:\/\/kulanorinska.hr\/wp-content\/uploads\/2012\/11\/gotovina-i-markac.jpg 527w, https:\/\/kulanorinska.hr\/wp-content\/uploads\/2012\/11\/gotovina-i-markac-300x188.jpg 300w\" sizes=\"(max-width: 527px) 100vw, 527px\" \/><\/a><\/p>\n","protected":false},"excerpt":{"rendered":"<p>Cijela op\u0107ina Kula Norinska je s odu\u0161evljenjem do\u010dekala vijest da su hrvatski generali Ante Gotovina i Mladen Marka\u010d oslobo\u0111eni po svim to\u010dkama optu\u017enice. Veselje koje je zavladalo u domovina diljem op\u0107ine Kula Norinska je bilo neopisivo,a zajedni\u0161tvo i radost koji su zavladali podsjetili su na&#8230;<\/p>\n","protected":false},"author":1,"featured_media":3694,"comment_status":"closed","ping_status":"closed","sticky":false,"template":"","format":"standard","meta":{"_monsterinsights_skip_tracking":false,"_monsterinsights_sitenote_active":false,"_monsterinsights_sitenote_note":"","_monsterinsights_sitenote_category":0,"ngg_post_thumbnail":0},"categories":[9,13],"tags":[],"_links":{"self":[{"href":"https:\/\/kulanorinska.hr\/index.php?rest_route=\/wp\/v2\/posts\/3693"}],"collection":[{"href":"https:\/\/kulanorinska.hr\/index.php?rest_route=\/wp\/v2\/posts"}],"about":[{"href":"https:\/\/kulanorinska.hr\/index.php?rest_route=\/wp\/v2\/types\/post"}],"author":[{"embeddable":true,"href":"https:\/\/kulanorinska.hr\/index.php?rest_route=\/wp\/v2\/users\/1"}],"replies":[{"embeddable":true,"href":"https:\/\/kulanorinska.hr\/index.php?rest_route=%2Fwp%2Fv2%2Fcomments&post=3693"}],"version-history":[{"count":0,"href":"https:\/\/kulanorinska.hr\/index.php?rest_route=\/wp\/v2\/posts\/3693\/revisions"}],"wp:featuredmedia":[{"embeddable":true,"href":"https:\/\/kulanorinska.hr\/index.php?rest_route=\/wp\/v2\/media\/3694"}],"wp:attachment":[{"href":"https:\/\/kulanorinska.hr\/index.php?rest_route=%2Fwp%2Fv2%2Fmedia&parent=3693"}],"wp:term":[{"taxonomy":"category","embeddable":true,"href":"https:\/\/kulanorinska.hr\/index.php?rest_route=%2Fwp%2Fv2%2Fcategories&post=3693"},{"taxonomy":"post_tag","embeddable":true,"href":"https:\/\/kulanorinska.hr\/index.php?rest_route=%2Fwp%2Fv2%2Ftags&post=3693"}],"curies":[{"name":"wp","href":"https:\/\/api.w.org\/{rel}","templated":true}]}}