{"id":3764,"date":"2013-01-21T14:47:50","date_gmt":"2013-01-21T13:47:50","guid":{"rendered":"http:\/\/kulanorinska.hr\/web\/?p=3764"},"modified":"2013-01-21T14:47:50","modified_gmt":"2013-01-21T13:47:50","slug":"stanje-se-motri-zasada-dobro","status":"publish","type":"post","link":"https:\/\/kulanorinska.hr\/?p=3764","title":{"rendered":"STANJE SE MOTRI &#8211; ZASADA DOBRO"},"content":{"rendered":"<p style=\"text-align: justify;\"><a href=\"http:\/\/kulanorinska.hr.win7.mojsite.com\/web\/wp-content\/uploads\/2013\/01\/lADJA-U-VODI.jpg\"><img loading=\"lazy\" class=\"alignnone size-full wp-image-3767\" title=\"lADJA U VODI\" src=\"https:\/\/kulanorinska.hr.win7.mojsite.com\/web\/wp-content\/uploads\/2013\/01\/lADJA-U-VODI.jpg\" alt=\"\" width=\"640\" height=\"480\" srcset=\"https:\/\/kulanorinska.hr\/wp-content\/uploads\/2013\/01\/lADJA-U-VODI.jpg 640w, https:\/\/kulanorinska.hr\/wp-content\/uploads\/2013\/01\/lADJA-U-VODI-300x225.jpg 300w\" sizes=\"(max-width: 640px) 100vw, 640px\" \/><\/a><\/p>\n<p style=\"text-align: justify;\"><span style=\"font-size: small;\">Zbog znatnijeg pove\u0107anja vodostaja Neretve <span style=\"font-size: small;\">i<\/span> <span style=\"font-size: small;\">Norina <\/span>u Metkovi\u0107u <span style=\"font-size: small;\">nadle\u017en<span style=\"font-size: small;\">i u Op\u0107ini Kula Norinska su <span style=\"font-size: small;\">razgovarali tijekom dana s nadle\u017enima iz Hrvatskih voda koji su izrazili svoje uvjerenje da <span style=\"font-size: small;\">poplava ne\u0107e biti jer se radi kontroliran<span style=\"font-size: small;\">o ispu\u0161tanje, a nema ve\u0107ih koli\u010dina snijega \u010die bi <span style=\"font-size: small;\">topljenje izazvalo nepo\u017ee<span style=\"font-size: small;\">ljne poplave.<\/span><\/span><\/span><\/span><\/span><br \/>\n<\/span><\/span><\/span><\/p>\n<p style=\"text-align: justify;\"><span style=\"font-size: small;\"><span style=\"font-size: small;\"><span style=\"font-size: small;\"><span style=\"font-size: small;\">Iz DVD Kula <span style=\"font-size: small;\">Norinska <span style=\"font-size: small;\">zapovjednik DVD-a Ivan Kaleb je izra<span style=\"font-size: small;\">zi<span style=\"font-size: small;\">o spremnost za djelovanje u slu\u010daju potrebe navode\u0107i da su pripadnici DVD-a spremni djelovati<span style=\"font-size: small;\">, ali da su ograni\u010deni materijalnim sredstvima, no da je ljudstvo to koje \u0107e odraditi najve\u0107i dio posla u slu\u010daju nevolje.<\/span><\/span><\/span><\/span><\/span><br \/>\n<\/span><\/span><\/span><\/span><\/p>\n<p style=\"text-align: justify;\"><span style=\"font-size: small;\"><br \/>\nPrema informacijama iz Agencije za vodno podru\u010dje Jadranskog mora  (agencija BiH) dobivenim u jutarnjim i podnevnim satima stanje vodosta<span style=\"font-size: small;\">ja konstantno raste<\/span> <span style=\"font-size: small;\">, odnosno pove\u0107anje razine vode je osjetno, iako zasada nema potrebe za prog<span style=\"font-size: small;\">la\u0161enjem mjera za obranu o<span style=\"font-size: small;\">d poplava.<\/span><\/span><\/span><\/span><\/p>\n<p><strong>Vodostaj Neretve je tijekom jutra i podneva porastao za oko pola metra,<span style=\"font-size: small;\"> te se o\u010dekuje tendencija porasta uslijed priliva ve\u0107ih koli\u010dina vode, <span style=\"font-size: small;\">ve\u0107ih padalina te nastavka <span style=\"font-size: small;\">udara u\u017enog vjetra koji ote\u017eava <span style=\"font-size: small;\">i<span style=\"font-size: small;\">zlijevanje Neretv<span style=\"font-size: small;\">e, no <span style=\"font-size: small;\">u Hrvatskim vodama smatraju da nema opasnosti te da motra stanje i da su u kontaktima <span style=\"font-size: small;\">s nadle\u017enim slu\u017ebama u BiH.<\/span><\/span><\/span> <\/span><\/span><\/span><\/span><\/span><\/strong><\/p>\n<p style=\"text-align: justify;\"><span style=\"font-size: small;\"><strong><span style=\"font-size: small;\"><span style=\"font-size: small;\"><span style=\"font-size: small;\"><span style=\"font-size: small;\"><span style=\"font-size: small;\">Krvavac nije direktno ugro\u017een<span style=\"font-size: small;\">,<span style=\"font-size: small;\"> <span style=\"font-size: small;\">kao ni mjesta <span style=\"font-size: small;\">Momi\u0107i i Podrujnica uz Norin.<\/span><\/span><\/span><\/span><\/span><\/span><\/span><\/span><\/span><\/strong><br \/>\n<strong><\/strong><\/span><\/p>\n<p style=\"text-align: justify;\"><span style=\"font-size: small;\"><br \/>\nNeslu\u017ebena progonoza je dakle da se o\u010dekuje daljni rast vodostaja rijeke  Neretve u Metkovi\u0107u, s tim da to ne zna\u010di da odmah treba o\u010dekivati  elementarnu neopogodu kakvu smo do\u017eivjeli proteklih godina. Trenutni  vodostaj Neretve sada ne ukazuje na izravnu opasnost, a ni sada\u0161nji  prilivi voda uzvodno ne pokazuju da bi u idu\u0107a 2 dana trebalo do\u0107i do  elementarnih nepogoda. <strong>Uzvodni vodostaji pokazuju da su razine voda jo\u0161 uvijek ispod onih razina koje uzrokuju poplavljivanje stambenih naselja<span style=\"font-size: small;\">.<\/span><\/strong><\/span><\/p>\n<p style=\"text-align: justify;\"><span style=\"font-size: small;\"><strong><\/strong><br \/>\n<strong>Prema sada\u0161njim iskustvima do ve\u0107eg plavljenja stambenih naselja  dolazi ukoliko razina Neretve u Metkovi\u0107u poraste jo\u0161 za oko 1<span style=\"font-size: small;\">5<\/span>0 cm<span style=\"font-size: small;\">,a \u0161to u Hrvatskim vodama ne o\u010dekuju.<\/span><\/strong><br \/>\n<\/span><\/p>\n","protected":false},"excerpt":{"rendered":"<p>Zbog znatnijeg pove\u0107anja vodostaja Neretve i Norina u Metkovi\u0107u nadle\u017eni u Op\u0107ini Kula Norinska su razgovarali tijekom dana s nadle\u017enima iz Hrvatskih voda koji su izrazili svoje uvjerenje da poplava ne\u0107e biti jer se radi kontrolirano ispu\u0161tanje, a nema ve\u0107ih koli\u010dina snijega \u010die bi topljenje&#8230;<\/p>\n","protected":false},"author":1,"featured_media":3767,"comment_status":"closed","ping_status":"closed","sticky":false,"template":"","format":"standard","meta":{"_monsterinsights_skip_tracking":false,"_monsterinsights_sitenote_active":false,"_monsterinsights_sitenote_note":"","_monsterinsights_sitenote_category":0,"ngg_post_thumbnail":0},"categories":[4,5,8,9,11,12],"tags":[],"_links":{"self":[{"href":"https:\/\/kulanorinska.hr\/index.php?rest_route=\/wp\/v2\/posts\/3764"}],"collection":[{"href":"https:\/\/kulanorinska.hr\/index.php?rest_route=\/wp\/v2\/posts"}],"about":[{"href":"https:\/\/kulanorinska.hr\/index.php?rest_route=\/wp\/v2\/types\/post"}],"author":[{"embeddable":true,"href":"https:\/\/kulanorinska.hr\/index.php?rest_route=\/wp\/v2\/users\/1"}],"replies":[{"embeddable":true,"href":"https:\/\/kulanorinska.hr\/index.php?rest_route=%2Fwp%2Fv2%2Fcomments&post=3764"}],"version-history":[{"count":0,"href":"https:\/\/kulanorinska.hr\/index.php?rest_route=\/wp\/v2\/posts\/3764\/revisions"}],"wp:featuredmedia":[{"embeddable":true,"href":"https:\/\/kulanorinska.hr\/index.php?rest_route=\/wp\/v2\/media\/3767"}],"wp:attachment":[{"href":"https:\/\/kulanorinska.hr\/index.php?rest_route=%2Fwp%2Fv2%2Fmedia&parent=3764"}],"wp:term":[{"taxonomy":"category","embeddable":true,"href":"https:\/\/kulanorinska.hr\/index.php?rest_route=%2Fwp%2Fv2%2Fcategories&post=3764"},{"taxonomy":"post_tag","embeddable":true,"href":"https:\/\/kulanorinska.hr\/index.php?rest_route=%2Fwp%2Fv2%2Ftags&post=3764"}],"curies":[{"name":"wp","href":"https:\/\/api.w.org\/{rel}","templated":true}]}}