{"id":4076,"date":"2013-05-31T19:15:25","date_gmt":"2013-05-31T17:15:25","guid":{"rendered":"http:\/\/kulanorinska.hr\/web\/?p=4076"},"modified":"2013-05-31T19:15:25","modified_gmt":"2013-05-31T17:15:25","slug":"obljetnica-smrti-ivice-prusca-jume","status":"publish","type":"post","link":"https:\/\/kulanorinska.hr\/?p=4076","title":{"rendered":"OBLJETNICA SMRTI IVICE PRUSCA &#8220;JUME&#8221;"},"content":{"rendered":"<p style=\"text-align: justify;\">Dana 29.svibnja obilje\u017eena je godi\u0161njica  pogibije pomalo zaboravljenog <strong> Ivice Prusca \u201eJume\u201c iz Podrujnice koji je 30. svibnja  1992. godine poginuo na posavskom rati\u0161tu<\/strong> u okolici Modri\u010de kao <strong>pripadnik 3. gardijske brigade \u201eKune\u201c<\/strong>. Tada vrlo mladi borci <strong>Ivica Prusac \u201eJuma\u201c iz Podrujnice i Miro Vladimir iz Pozle Gore,<\/strong> puni elana, ljubavi za domovinu, te \u017eeljni okr\u0161aja s neprijateljem,  odlu\u010dili su se zaputiti sa dalmatinsko-hercegova\u010dkog boji\u0161ta  na boji\u0161te  koje je tada bilo u najte\u017eim borbama  i odluka je pala \u2013 ide se u  Nu\u0161tar. Blizina Nu\u0161tra Vukovaru , koji je poslje Vukovara bio drugo ime  pakla, dvojici boraca je dalo ideju gdje \u0107e i\u0107i i  u Nu\u0161tar su se  zaputili vjerovali ili ne, autostopom.<br \/>\nStigav\u0161i u Nu\u0161tar, prema iskrenoj pri\u010di Mire Vladimira, zatekli su  stra\u0161nu situaciju kojoj se ni sami nisu nadali niti je \u017eeljeli  do\u017eivjeti. Elan i \u017eelja za borbom vrlo brzo su se pretvorili u  svakodnevne stravi\u010dne situacije i puku borbu za vlastiti \u017eivoti i \u017eivot  svojih suboraca. <strong>Njihovi suborci Slavonci su se \u010dudili njihovom dolasku, ali su ih prihvatili kako i prili\u010di \u2013 kao prijatelje u \u017eivotu i smrti<\/strong>.  Te\u0161ke borbe koji su nebrojno puta vodili i na udaljenostima nekoliko  metara od neprijatelja bile su ne\u0161to \u0161to ni Ivica Prusca ni Miro  Vladimir nisu smatrali da \u0107e do\u017eivjeti u tako strav\u010dnom obliku.<\/p>\n<p style=\"text-align: justify;\">Ni\u0161ta bolje  se nije ratni u\u017eas razvijao ni na rati\u0161tu bosanske Posavine  gdje su nakon Nu\u0161tra obojica upu\u0107eni kao pripomo\u0107 obrani Posavine gdje  je Srpska vojska Krajine po\u0161to poto nastojala imati koridor izme\u0111u  Republike Srpske i Srbije i gdje je upregnula ogromnu koli\u010dinu ljudstva i  ratne tehnike. Naime 15. svibnja 1992. godine presje\u010dena je i zadnja  veza izme\u0111u isto\u010dnog i zapadnog dijela Republike Srpske \u0161to je srpske  snage u zapadnom dijelu stavilo u nezavidnu poziciju i zaprijetilo  totalnom izolacijom i okru\u017eenjem ve\u0107eg dijela Republike Srpske.<\/p>\n<p style=\"text-align: justify;\">Zbog toga su se na cijelom boji\u0161tu Posavine rasplamsali sukobi izme\u0111u  HVO-a (i HV-a) s jedne strane te VRS s druge strane. Danono\u0107ne borbe su  se pretvarale u bitke rov za rov, ku\u0107u po ku\u0107u. U jednoj od takvih  bitaka poginuo je i na\u0161 Ivica Prusac \u201eJuma\u201c od granate ispaljene iz  tenka SVK.<\/p>\n<p><strong>Pogibija Ivice Prusca \u201eJume\u201c nije bila samo jo\u0161 jedna smrt u ratu.  Ona je oja\u010dala  bratstvo pripadnika 3. gardijske brigade, mahom  Slavonaca i Neretve i rodila je jo\u0161 jednu poveznicu Slavonije i Neretve.<\/strong><\/p>\n<p>Upravo na obljetnicu, <strong>8 biv\u0161ih pripadnika 3. gbr \u201eKune\u201c pristiglih iz  Slavonije 29. svibnja su zajedno s veteranima 4. gbr.,  obitelji Prusac  , UVDR \u201e1991\u201c Krvavac\u201c<\/strong> i sudjelovali na sv. Misi za Ivicu Prusca  koja se slu\u017eila u Gabela polju, te kasnije posjetili groblje na  Bagalovi\u0107ima gdje je Ivica pokopan i gdje su mu postavili <strong>spomen plo\u010du u znak neizmjerne zahvalnosti.<\/strong> Dru\u017eenje je nastavljeno u Krvavcu gdje ih je pozdravio na\u010delnik Op\u0107ine Kula Norinska Nikola Krsti\u010devi\u0107, a potom su sutradan dru\u017eenje nastavili u Pozloj Gori gdje ih je ugostio Miro Vladimir.<\/p>\n<p>Ivica Prusac \u201eJuma\u201c se nije \u017eenio, niti je imao djece, ali je Neretvi i  Domovini ostavio primjer \u017ertve i nesebi\u010dnosti koji ne smije biti  zaboravljen. Neka se zna da je  u 3. gbr. \u201eKune\u201c bilo i dobrovoljaca iz  Neretvei da je Neretva utkala \u017eivote u slobodu Slavonije i Posavine.<\/p>\n<p><em>Foto: Veterani 4.gbr<br \/>\n<\/em><\/p>\n<p style=\"text-align: justify;\"><a href=\"http:\/\/kulanorinska.hr.win7.mojsite.com\/web\/wp-content\/uploads\/2013\/05\/429844_233838660074365_114865749_n.jpg\"><img loading=\"lazy\" class=\"alignnone size-full wp-image-4077\" title=\"429844_233838660074365_114865749_n\" src=\"https:\/\/kulanorinska.hr.win7.mojsite.com\/web\/wp-content\/uploads\/2013\/05\/429844_233838660074365_114865749_n.jpg\" alt=\"\" width=\"800\" height=\"533\" srcset=\"https:\/\/kulanorinska.hr\/wp-content\/uploads\/2013\/05\/429844_233838660074365_114865749_n.jpg 800w, https:\/\/kulanorinska.hr\/wp-content\/uploads\/2013\/05\/429844_233838660074365_114865749_n-300x200.jpg 300w, https:\/\/kulanorinska.hr\/wp-content\/uploads\/2013\/05\/429844_233838660074365_114865749_n-768x512.jpg 768w\" sizes=\"(max-width: 800px) 100vw, 800px\" \/><\/a><\/p>\n<p style=\"text-align: justify;\"><a href=\"http:\/\/kulanorinska.hr.win7.mojsite.com\/web\/wp-content\/uploads\/2013\/05\/970756_233838593407705_1224645021_n.jpg\"><img loading=\"lazy\" class=\"alignnone size-full wp-image-4078\" title=\"970756_233838593407705_1224645021_n\" src=\"https:\/\/kulanorinska.hr.win7.mojsite.com\/web\/wp-content\/uploads\/2013\/05\/970756_233838593407705_1224645021_n.jpg\" alt=\"\" width=\"800\" height=\"533\" srcset=\"https:\/\/kulanorinska.hr\/wp-content\/uploads\/2013\/05\/970756_233838593407705_1224645021_n.jpg 800w, https:\/\/kulanorinska.hr\/wp-content\/uploads\/2013\/05\/970756_233838593407705_1224645021_n-300x200.jpg 300w, https:\/\/kulanorinska.hr\/wp-content\/uploads\/2013\/05\/970756_233838593407705_1224645021_n-768x512.jpg 768w\" sizes=\"(max-width: 800px) 100vw, 800px\" \/><\/a><\/p>\n<p style=\"text-align: justify;\"><a href=\"http:\/\/kulanorinska.hr.win7.mojsite.com\/web\/wp-content\/uploads\/2013\/05\/S.jpg\"><img loading=\"lazy\" class=\"alignnone size-full wp-image-4079\" title=\"S\" src=\"https:\/\/kulanorinska.hr.win7.mojsite.com\/web\/wp-content\/uploads\/2013\/05\/S.jpg\" alt=\"\" width=\"800\" height=\"533\" srcset=\"https:\/\/kulanorinska.hr\/wp-content\/uploads\/2013\/05\/S.jpg 800w, https:\/\/kulanorinska.hr\/wp-content\/uploads\/2013\/05\/S-300x200.jpg 300w, https:\/\/kulanorinska.hr\/wp-content\/uploads\/2013\/05\/S-768x512.jpg 768w\" sizes=\"(max-width: 800px) 100vw, 800px\" \/><\/a><\/p>\n<p style=\"text-align: justify;\"><a href=\"http:\/\/kulanorinska.hr.win7.mojsite.com\/web\/wp-content\/uploads\/2013\/05\/375716_233838666741031_2130872718_n.jpg\"><img loading=\"lazy\" class=\"alignnone size-full wp-image-4080\" title=\"VECERA\" src=\"https:\/\/kulanorinska.hr.win7.mojsite.com\/web\/wp-content\/uploads\/2013\/05\/375716_233838666741031_2130872718_n.jpg\" alt=\"\" width=\"800\" height=\"533\" srcset=\"https:\/\/kulanorinska.hr\/wp-content\/uploads\/2013\/05\/375716_233838666741031_2130872718_n.jpg 800w, https:\/\/kulanorinska.hr\/wp-content\/uploads\/2013\/05\/375716_233838666741031_2130872718_n-300x200.jpg 300w, https:\/\/kulanorinska.hr\/wp-content\/uploads\/2013\/05\/375716_233838666741031_2130872718_n-768x512.jpg 768w\" sizes=\"(max-width: 800px) 100vw, 800px\" \/><\/a><\/p>\n<p style=\"text-align: justify;\">\n<p style=\"text-align: justify;\"><em>Ratne fotografije ustupljene od Mire Vladimira<\/em><\/p>\n<p style=\"text-align: justify;\"><a href=\"http:\/\/kulanorinska.hr.win7.mojsite.com\/web\/wp-content\/uploads\/2013\/05\/Nustar-92-Pavo-Tutnjevic-Zorislav-Tomasevic-Zorac-Miro-Vladimir-Vlado-Murat-Joe-Ivica-Prusac-Blasko-Prisic.jpg\"><img loading=\"lazy\" class=\"alignnone size-full wp-image-4082\" title=\"Nustar 92 Pavo Tutnjevic Zorislav Tomasevic Zorac Miro Vladimir Vlado Murat Joe Ivica Prusac Blasko Prisic\" src=\"https:\/\/kulanorinska.hr.win7.mojsite.com\/web\/wp-content\/uploads\/2013\/05\/Nustar-92-Pavo-Tutnjevic-Zorislav-Tomasevic-Zorac-Miro-Vladimir-Vlado-Murat-Joe-Ivica-Prusac-Blasko-Prisic.jpg\" alt=\"\" width=\"640\" height=\"455\" srcset=\"https:\/\/kulanorinska.hr\/wp-content\/uploads\/2013\/05\/Nustar-92-Pavo-Tutnjevic-Zorislav-Tomasevic-Zorac-Miro-Vladimir-Vlado-Murat-Joe-Ivica-Prusac-Blasko-Prisic.jpg 640w, https:\/\/kulanorinska.hr\/wp-content\/uploads\/2013\/05\/Nustar-92-Pavo-Tutnjevic-Zorislav-Tomasevic-Zorac-Miro-Vladimir-Vlado-Murat-Joe-Ivica-Prusac-Blasko-Prisic-300x213.jpg 300w\" sizes=\"(max-width: 640px) 100vw, 640px\" \/><\/a><\/p>\n<p style=\"text-align: justify;\"><a href=\"http:\/\/kulanorinska.hr.win7.mojsite.com\/web\/wp-content\/uploads\/2013\/05\/Nustar-1992.jpg\"><img loading=\"lazy\" class=\"alignnone size-full wp-image-4083\" title=\"Nustar 1992\" src=\"https:\/\/kulanorinska.hr.win7.mojsite.com\/web\/wp-content\/uploads\/2013\/05\/Nustar-1992.jpg\" alt=\"\" width=\"640\" height=\"457\" srcset=\"https:\/\/kulanorinska.hr\/wp-content\/uploads\/2013\/05\/Nustar-1992.jpg 640w, https:\/\/kulanorinska.hr\/wp-content\/uploads\/2013\/05\/Nustar-1992-300x214.jpg 300w\" sizes=\"(max-width: 640px) 100vw, 640px\" \/><\/a><\/p>\n<p style=\"text-align: justify;\"><a href=\"http:\/\/kulanorinska.hr.win7.mojsite.com\/web\/wp-content\/uploads\/2013\/05\/Ivica-Prusac-poginuo-30-05-1992-u-Modrici.jpg\"><img loading=\"lazy\" class=\"alignnone size-full wp-image-4085\" title=\"Ivica Prusac poginuo 30-05-1992 u Modrici\" src=\"https:\/\/kulanorinska.hr.win7.mojsite.com\/web\/wp-content\/uploads\/2013\/05\/Ivica-Prusac-poginuo-30-05-1992-u-Modrici.jpg\" alt=\"\" width=\"422\" height=\"640\" srcset=\"https:\/\/kulanorinska.hr\/wp-content\/uploads\/2013\/05\/Ivica-Prusac-poginuo-30-05-1992-u-Modrici.jpg 422w, https:\/\/kulanorinska.hr\/wp-content\/uploads\/2013\/05\/Ivica-Prusac-poginuo-30-05-1992-u-Modrici-198x300.jpg 198w\" sizes=\"(max-width: 422px) 100vw, 422px\" \/><\/a><\/p>\n<p style=\"text-align: justify;\">\n","protected":false},"excerpt":{"rendered":"<p>Dana 29.svibnja obilje\u017eena je godi\u0161njica pogibije pomalo zaboravljenog Ivice Prusca \u201eJume\u201c iz Podrujnice koji je 30. svibnja 1992. godine poginuo na posavskom rati\u0161tu u okolici Modri\u010de kao pripadnik 3. gardijske brigade \u201eKune\u201c. Tada vrlo mladi borci Ivica Prusac \u201eJuma\u201c iz Podrujnice i Miro Vladimir iz&#8230;<\/p>\n","protected":false},"author":1,"featured_media":4085,"comment_status":"closed","ping_status":"closed","sticky":false,"template":"","format":"standard","meta":{"_monsterinsights_skip_tracking":false,"_monsterinsights_sitenote_active":false,"_monsterinsights_sitenote_note":"","_monsterinsights_sitenote_category":0,"ngg_post_thumbnail":0},"categories":[4,9,11,12],"tags":[],"_links":{"self":[{"href":"https:\/\/kulanorinska.hr\/index.php?rest_route=\/wp\/v2\/posts\/4076"}],"collection":[{"href":"https:\/\/kulanorinska.hr\/index.php?rest_route=\/wp\/v2\/posts"}],"about":[{"href":"https:\/\/kulanorinska.hr\/index.php?rest_route=\/wp\/v2\/types\/post"}],"author":[{"embeddable":true,"href":"https:\/\/kulanorinska.hr\/index.php?rest_route=\/wp\/v2\/users\/1"}],"replies":[{"embeddable":true,"href":"https:\/\/kulanorinska.hr\/index.php?rest_route=%2Fwp%2Fv2%2Fcomments&post=4076"}],"version-history":[{"count":0,"href":"https:\/\/kulanorinska.hr\/index.php?rest_route=\/wp\/v2\/posts\/4076\/revisions"}],"wp:featuredmedia":[{"embeddable":true,"href":"https:\/\/kulanorinska.hr\/index.php?rest_route=\/wp\/v2\/media\/4085"}],"wp:attachment":[{"href":"https:\/\/kulanorinska.hr\/index.php?rest_route=%2Fwp%2Fv2%2Fmedia&parent=4076"}],"wp:term":[{"taxonomy":"category","embeddable":true,"href":"https:\/\/kulanorinska.hr\/index.php?rest_route=%2Fwp%2Fv2%2Fcategories&post=4076"},{"taxonomy":"post_tag","embeddable":true,"href":"https:\/\/kulanorinska.hr\/index.php?rest_route=%2Fwp%2Fv2%2Ftags&post=4076"}],"curies":[{"name":"wp","href":"https:\/\/api.w.org\/{rel}","templated":true}]}}