{"id":4112,"date":"2013-06-18T13:39:19","date_gmt":"2013-06-18T11:39:19","guid":{"rendered":"http:\/\/kulanorinska.hr\/web\/?p=4112"},"modified":"2013-06-18T13:39:19","modified_gmt":"2013-06-18T11:39:19","slug":"dubrovacki-biskup-u-zupi-bagalovici","status":"publish","type":"post","link":"https:\/\/kulanorinska.hr\/?p=4112","title":{"rendered":"DUBROVA\u010cKI BISKUP U \u017dUPI BAGALOVI\u0106I"},"content":{"rendered":"<div class=\"paragraph\" style=\"text-align: justify; display: block;\"><strong><span style=\"font-size: 14px; line-height: 1.5;\">U  utorak, 18.06.2013. godine u\u017dupu Gospe Karmelske Bagalovi\u0107i stigao je msgr. Mate Uzini\u0107,  dubrova\u010dki biskup. Dubrova\u010dkim biskupom imenovan je na blagdan sv.  Franje Sale\u0161kog 24. sije\u010dnja 2011. godine, a za biskupa je zare\u0111en u  dubrova\u010dkoj katedrali na blagdan sv. Josipa 19. o\u017eujka iste godine.<\/span><br \/>\n<span style=\"font-size: 14px; line-height: 1.5;\"> <\/span><\/strong><\/div>\n<div class=\"paragraph\" style=\"text-align: justify; display: block;\"><strong><span style=\"font-size: 14px; line-height: 1.5;\">Biskup je sa svojim osobljem Ordinarijata na godi\u0161njem izletu neretvanskim krajem.<\/span><br \/>\n<\/strong><\/div>\n<div class=\"paragraph\" style=\"text-align: justify; display: block;\"><strong><span style=\"font-size: 14px; line-height: 1.5;\">Dolazak biskupa najavila su \u017eupna zvona, po dolasku biskupa Matu do\u010dekao je \u017eupnik, don Augustin Radovi\u0107, nakon \u010dega se zajedno<\/span> sa svojim djelatnicima Ordinarijata\u00a0<span style=\"font-size: 14px; line-height: 1.5;\">pomolio na grobu pok. Ivana \u0160prlje, biv\u0161eg \u017eupana koji je rodom iz na\u0161e \u017eupe Bagalovi\u0107.<\/span><br \/>\n<span style=\"font-size: 14px; line-height: 1.5;\">Nakon  toga, odr\u017eana je sv. Misa koju je predvodio sam biskup. \u00a0Propovijedao  je dr. Petar Pali\u0107, generalni vikar, koji je svojim rije\u010dima pozvao  vjernike na &#8216;ne\u0161to vi\u0161e&#8217;. Ne samo na osnove i vanj\u0161tinu vjere, ve\u0107 pravi  \u017eivot, \u017eivot u vjeri i molitvi.<\/span><\/strong><\/div>\n<div class=\"paragraph\" style=\"text-align: justify; display: block;\"><strong><span style=\"font-size: 14px; line-height: 1.5;\"><br \/>\n<\/span><\/strong><\/div>\n<div class=\"paragraph\" style=\"text-align: justify; display: block;\">Tekst i fotografija preuzete sa stranice<a href=\"http:\/\/zupakarmelskegospe.weebly.com\/\"> \u017dupe Gospe Karmelske<\/a><\/div>\n<div class=\"paragraph\" style=\"text-align: justify; display: block;\"><strong><span style=\"font-size: 14px; line-height: 1.5;\"><a href=\"http:\/\/kulanorinska.hr.win7.mojsite.com\/web\/wp-content\/uploads\/2013\/06\/3846521_orig.jpg\"><img loading=\"lazy\" class=\"alignnone size-full wp-image-4113\" title=\"Foto zupa Bagalovici\" src=\"https:\/\/kulanorinska.hr.win7.mojsite.com\/web\/wp-content\/uploads\/2013\/06\/3846521_orig.jpg\" alt=\"\" width=\"1066\" height=\"800\" srcset=\"https:\/\/kulanorinska.hr\/wp-content\/uploads\/2013\/06\/3846521_orig.jpg 1066w, https:\/\/kulanorinska.hr\/wp-content\/uploads\/2013\/06\/3846521_orig-300x225.jpg 300w, https:\/\/kulanorinska.hr\/wp-content\/uploads\/2013\/06\/3846521_orig-768x576.jpg 768w, https:\/\/kulanorinska.hr\/wp-content\/uploads\/2013\/06\/3846521_orig-1024x768.jpg 1024w\" sizes=\"(max-width: 1066px) 100vw, 1066px\" \/><\/a><br \/>\n<\/span><\/strong><\/div>\n","protected":false},"excerpt":{"rendered":"<p>U utorak, 18.06.2013. godine u\u017dupu Gospe Karmelske Bagalovi\u0107i stigao je msgr. Mate Uzini\u0107, dubrova\u010dki biskup. Dubrova\u010dkim biskupom imenovan je na blagdan sv. Franje Sale\u0161kog 24. sije\u010dnja 2011. godine, a za biskupa je zare\u0111en u dubrova\u010dkoj katedrali na blagdan sv. Josipa 19. o\u017eujka iste godine. Biskup&#8230;<\/p>\n","protected":false},"author":1,"featured_media":4115,"comment_status":"closed","ping_status":"closed","sticky":false,"template":"","format":"standard","meta":{"_monsterinsights_skip_tracking":false,"_monsterinsights_sitenote_active":false,"_monsterinsights_sitenote_note":"","_monsterinsights_sitenote_category":0,"ngg_post_thumbnail":0},"categories":[9],"tags":[],"_links":{"self":[{"href":"https:\/\/kulanorinska.hr\/index.php?rest_route=\/wp\/v2\/posts\/4112"}],"collection":[{"href":"https:\/\/kulanorinska.hr\/index.php?rest_route=\/wp\/v2\/posts"}],"about":[{"href":"https:\/\/kulanorinska.hr\/index.php?rest_route=\/wp\/v2\/types\/post"}],"author":[{"embeddable":true,"href":"https:\/\/kulanorinska.hr\/index.php?rest_route=\/wp\/v2\/users\/1"}],"replies":[{"embeddable":true,"href":"https:\/\/kulanorinska.hr\/index.php?rest_route=%2Fwp%2Fv2%2Fcomments&post=4112"}],"version-history":[{"count":0,"href":"https:\/\/kulanorinska.hr\/index.php?rest_route=\/wp\/v2\/posts\/4112\/revisions"}],"wp:featuredmedia":[{"embeddable":true,"href":"https:\/\/kulanorinska.hr\/index.php?rest_route=\/wp\/v2\/media\/4115"}],"wp:attachment":[{"href":"https:\/\/kulanorinska.hr\/index.php?rest_route=%2Fwp%2Fv2%2Fmedia&parent=4112"}],"wp:term":[{"taxonomy":"category","embeddable":true,"href":"https:\/\/kulanorinska.hr\/index.php?rest_route=%2Fwp%2Fv2%2Fcategories&post=4112"},{"taxonomy":"post_tag","embeddable":true,"href":"https:\/\/kulanorinska.hr\/index.php?rest_route=%2Fwp%2Fv2%2Ftags&post=4112"}],"curies":[{"name":"wp","href":"https:\/\/api.w.org\/{rel}","templated":true}]}}