{"id":4127,"date":"2013-06-22T14:09:41","date_gmt":"2013-06-22T12:09:41","guid":{"rendered":"http:\/\/kulanorinska.hr\/web\/?p=4127"},"modified":"2013-06-22T14:09:41","modified_gmt":"2013-06-22T12:09:41","slug":"pokopan-don-stjepan-gnjec","status":"publish","type":"post","link":"https:\/\/kulanorinska.hr\/?p=4127","title":{"rendered":"POKOPAN DON STJEPAN GNJE\u010c"},"content":{"rendered":"<p style=\"text-align: justify;\"><strong>Dana 21. lipnja 2013. godine u \u017eupnoj crkvi na Bagalovi\u0107u sve\u010dano je  ispra\u0107en sve\u0107enik na\u0161e \u017eupe, don Stjepan Gnje\u010d (1936.-2013.) koji je umro u Australiji, gdje je u Geelongu vodio hrvatsku katoli\u010dku misiju. \u017delja mu je bila da se pokopa u rodnoj \u017eupi Bagalovi\u0107i odakle je i rodom.\u00a0<span style=\"font-size: 14px; line-height: 1.5;\"> <\/span>Sprovodni  obredi zapo\u010deli su u 18,00 sati, a Sv. Misu zadu\u0161nicu, s preko 20 sve\u0107enika koji su do\u0161li ispratiti pok. don Stjepana, \u00a0predvodio  je nadbiskup splitsko-makarski mons. Marin Bari\u0161i\u0107.<\/strong><\/p>\n<p style=\"text-align: justify;\"><strong>Ispra\u0107aju je prisustvovalo i nekoliko stotina \u017eitelja \u017dupe Bagalovi\u0107i, ali i iz ostatka Neretve i Hrvatske<br \/>\n<\/strong><\/p>\n<p>Fotografije preuzete sa <a href=\"http:\/\/zupakarmelskegospe.weebly.com\/don-stjepanov-sprovod.html\">slu\u017ebene stranice \u017dupa Bagalovi\u0107i <\/a><\/p>\n<p><a href=\"http:\/\/kulanorinska.hr.win7.mojsite.com\/web\/wp-content\/uploads\/2013\/06\/Don-1.jpg\"><img loading=\"lazy\" class=\"alignnone size-full wp-image-4128\" title=\"Don 1\" src=\"https:\/\/kulanorinska.hr.win7.mojsite.com\/web\/wp-content\/uploads\/2013\/06\/Don-1.jpg\" alt=\"\" width=\"1066\" height=\"800\" srcset=\"https:\/\/kulanorinska.hr\/wp-content\/uploads\/2013\/06\/Don-1.jpg 1066w, https:\/\/kulanorinska.hr\/wp-content\/uploads\/2013\/06\/Don-1-300x225.jpg 300w, https:\/\/kulanorinska.hr\/wp-content\/uploads\/2013\/06\/Don-1-768x576.jpg 768w, https:\/\/kulanorinska.hr\/wp-content\/uploads\/2013\/06\/Don-1-1024x768.jpg 1024w\" sizes=\"(max-width: 1066px) 100vw, 1066px\" \/><\/a><\/p>\n<p><a href=\"http:\/\/kulanorinska.hr.win7.mojsite.com\/web\/wp-content\/uploads\/2013\/06\/8732810_orig.jpg\"><img loading=\"lazy\" class=\"alignnone size-full wp-image-4129\" title=\"8732810_orig\" src=\"https:\/\/kulanorinska.hr.win7.mojsite.com\/web\/wp-content\/uploads\/2013\/06\/8732810_orig.jpg\" alt=\"\" width=\"600\" height=\"800\" srcset=\"https:\/\/kulanorinska.hr\/wp-content\/uploads\/2013\/06\/8732810_orig.jpg 600w, https:\/\/kulanorinska.hr\/wp-content\/uploads\/2013\/06\/8732810_orig-225x300.jpg 225w\" sizes=\"(max-width: 600px) 100vw, 600px\" \/><\/a><\/p>\n<p><a href=\"http:\/\/kulanorinska.hr.win7.mojsite.com\/web\/wp-content\/uploads\/2013\/06\/4821896_orig.jpg\"><img loading=\"lazy\" class=\"alignnone size-full wp-image-4131\" title=\"4821896_orig\" src=\"https:\/\/kulanorinska.hr.win7.mojsite.com\/web\/wp-content\/uploads\/2013\/06\/4821896_orig.jpg\" alt=\"\" width=\"1066\" height=\"800\" srcset=\"https:\/\/kulanorinska.hr\/wp-content\/uploads\/2013\/06\/4821896_orig.jpg 1066w, https:\/\/kulanorinska.hr\/wp-content\/uploads\/2013\/06\/4821896_orig-300x225.jpg 300w, https:\/\/kulanorinska.hr\/wp-content\/uploads\/2013\/06\/4821896_orig-768x576.jpg 768w, https:\/\/kulanorinska.hr\/wp-content\/uploads\/2013\/06\/4821896_orig-1024x768.jpg 1024w\" sizes=\"(max-width: 1066px) 100vw, 1066px\" \/><\/a><\/p>\n<p><a href=\"http:\/\/kulanorinska.hr.win7.mojsite.com\/web\/wp-content\/uploads\/2013\/06\/1471134_orig.jpg\"><img loading=\"lazy\" class=\"alignnone size-full wp-image-4130\" title=\"1471134_orig\" src=\"https:\/\/kulanorinska.hr.win7.mojsite.com\/web\/wp-content\/uploads\/2013\/06\/1471134_orig.jpg\" alt=\"\" width=\"1066\" height=\"800\" srcset=\"https:\/\/kulanorinska.hr\/wp-content\/uploads\/2013\/06\/1471134_orig.jpg 1066w, https:\/\/kulanorinska.hr\/wp-content\/uploads\/2013\/06\/1471134_orig-300x225.jpg 300w, https:\/\/kulanorinska.hr\/wp-content\/uploads\/2013\/06\/1471134_orig-768x576.jpg 768w, https:\/\/kulanorinska.hr\/wp-content\/uploads\/2013\/06\/1471134_orig-1024x768.jpg 1024w\" sizes=\"(max-width: 1066px) 100vw, 1066px\" \/><\/a><\/p>\n<p><strong><br \/>\n<\/strong><\/p>\n","protected":false},"excerpt":{"rendered":"<p>Dana 21. lipnja 2013. godine u \u017eupnoj crkvi na Bagalovi\u0107u sve\u010dano je ispra\u0107en sve\u0107enik na\u0161e \u017eupe, don Stjepan Gnje\u010d (1936.-2013.) koji je umro u Australiji, gdje je u Geelongu vodio hrvatsku katoli\u010dku misiju. \u017delja mu je bila da se pokopa u rodnoj \u017eupi Bagalovi\u0107i odakle&#8230;<\/p>\n","protected":false},"author":1,"featured_media":4128,"comment_status":"closed","ping_status":"closed","sticky":false,"template":"","format":"standard","meta":{"_monsterinsights_skip_tracking":false,"_monsterinsights_sitenote_active":false,"_monsterinsights_sitenote_note":"","_monsterinsights_sitenote_category":0,"ngg_post_thumbnail":0},"categories":[4,9,11],"tags":[],"_links":{"self":[{"href":"https:\/\/kulanorinska.hr\/index.php?rest_route=\/wp\/v2\/posts\/4127"}],"collection":[{"href":"https:\/\/kulanorinska.hr\/index.php?rest_route=\/wp\/v2\/posts"}],"about":[{"href":"https:\/\/kulanorinska.hr\/index.php?rest_route=\/wp\/v2\/types\/post"}],"author":[{"embeddable":true,"href":"https:\/\/kulanorinska.hr\/index.php?rest_route=\/wp\/v2\/users\/1"}],"replies":[{"embeddable":true,"href":"https:\/\/kulanorinska.hr\/index.php?rest_route=%2Fwp%2Fv2%2Fcomments&post=4127"}],"version-history":[{"count":0,"href":"https:\/\/kulanorinska.hr\/index.php?rest_route=\/wp\/v2\/posts\/4127\/revisions"}],"wp:featuredmedia":[{"embeddable":true,"href":"https:\/\/kulanorinska.hr\/index.php?rest_route=\/wp\/v2\/media\/4128"}],"wp:attachment":[{"href":"https:\/\/kulanorinska.hr\/index.php?rest_route=%2Fwp%2Fv2%2Fmedia&parent=4127"}],"wp:term":[{"taxonomy":"category","embeddable":true,"href":"https:\/\/kulanorinska.hr\/index.php?rest_route=%2Fwp%2Fv2%2Fcategories&post=4127"},{"taxonomy":"post_tag","embeddable":true,"href":"https:\/\/kulanorinska.hr\/index.php?rest_route=%2Fwp%2Fv2%2Ftags&post=4127"}],"curies":[{"name":"wp","href":"https:\/\/api.w.org\/{rel}","templated":true}]}}