{"id":4258,"date":"2013-10-08T22:05:32","date_gmt":"2013-10-08T20:05:32","guid":{"rendered":"http:\/\/kulanorinska.hr\/web\/?p=4258"},"modified":"2013-10-08T22:05:32","modified_gmt":"2013-10-08T20:05:32","slug":"trecina-lag-a-iz-nase-opcine","status":"publish","type":"post","link":"https:\/\/kulanorinska.hr\/?p=4258","title":{"rendered":"TRE\u0106INA LAG-a IZ NA\u0160E OP\u0106INE"},"content":{"rendered":"<p style=\"text-align: justify;\"><strong>U ponedjeljak 07. listopada odr\u017eana je u Opuzenu skup\u0161tina LAG-a (local action group) Neretve na kojoj je sudjelovao 21 \u010dlan skup\u0161tine. Od tog broja \u010dak tre\u0107ina je bila s podru\u010dja Op\u0107ine Kula Norinska, a me\u0111u njima i predstavnik Op\u0107ine Kula Norinska. Osobe s podru\u010dja op\u0107ine Kula Norinska su i\u00a0 ina\u010de u radu LAG-a Neretve zauzele vrlo zna\u010dajan udjel i svojim doprinosom nastoje zajedni\u010dki razvoj doline Neretve podignuti na ve\u0107i nivo putem europskih fondova.<\/strong><\/p>\n<p>Razlog sazivanja skup\u0161tine je bio izmjena sastava Upravnog odbora LAG-a,  izvje\u0161taj o dosada\u0161njem radu, te osvrt na (neto\u010dne) medijske napise o  tome da se LAG ugasio.<\/p>\n<p>Na skup\u0161tini su izabrana <strong>3 nova \u010dlana Upravnog odbora<\/strong> umjesto 3  koja su dala ostavke, a u cilju postizanja maksimalne strukturiranosti  prema pravilima natje\u010dajnih mjera, obzirom da se pri prijavama za EU  fondove strogo glede struktura LAG-a (omjer mladih-starih,  \u017eena-mu\u0161karaca, predstavnika javnog sektora-privatnog sektora itd&#8230;)<\/p>\n<p>Nova predsjednica<strong> Tomislava Bule<\/strong>, koja je do\u0161la na to mjesto  nakon ostavke \u017deljko Bjeli\u0161a (koji je nedugo nakon osnivanja dao ostavku  zbog sukoba lokalnih interesa) izvjestila je da je LAG u kratkom  vremenu od osnivanja imao niz personalnih promjena. LAG je dobio svoj  <strong>ured u Opuzenu<\/strong> (biv\u0161a policijska stanica), a koji ured im je <strong>dodijelila Dubrova\u010dko-neretvanska \u017eupanija<\/strong>.  Ured zasada funkcionira isklju\u010divo na volonterskoj bazi te nema  standardizirano uredovno vrijeme, ve\u0107 se kontakti s LAG-om Neretve  ostvaruju uglavnom putem izravne komunikacije s predsjednicom LAG-a te  \u010dlanovima Uprave LAG-a. Ovo jer LAG jo\u0161 nije dobio po\u010detna sredstva za  rad, a koja se prvenstveno o\u010dekuju od natje\u010daja \u010diji rok za prijavu  istje\u010de 18. listopada.<\/p>\n<p>LAG se naime javlja na mjeru 202 iz okvira IPARD programa koji se  financiraju sredstvima Europske unije. Kako je natje\u010daj za financiranje  LAG-a otvoren do 18. listopada 2013. godine,  LAG pokrenuo niz  aktivnosti u svrhu ostvarivanja bolje natje\u010dajne pozicije. Na pro\u0161lom  natje\u010daju prijava LAG-a Neretve nije bila uspje\u0161na, ali se zato za ovaj  natje\u010daj LAG Neretve puno bolje priprema.<\/p>\n<p>U okviru projekata koje LAG prijavljuje ili planira prijaviti su izme\u0111u  ostalih i brendiranje neretvanskih proizvoda, stvaranje protupo\u017earnih  puteva i njihovo multifunkcionalno kori\u0161tenje u svrhu biciklizma i  op\u0107enito izletni\u010dkog turizma, a \u0161to bi se kasnije detaljnije razra\u0111ivalo  s lokalnim vlastima i subjektima koji bi provodili projekte.<\/p>\n<p>Planira se krenuti i u projekte koji bi se radili i u sklopu  prekograni\u010dne suradnje s partnerima u BiH i financirali ve\u0107im djelom  tako\u0111er iz projekata Eurposke unije.<\/p>\n<p>Otvorena je i <strong>Facebook stranica LAG-a Neretve<\/strong> na kojoj se mogu na\u0107i informacije o funkcioniranju i aktivnostima LAG-a Neretve.<\/p>\n<p>Potpisan je i preliminarni partnerski sporazum s jednim Talijanskim  LAG-om a u tijeku su pregovori i s jednim gr\u010dkim LAG-om oko potencijalne  suradnje.<\/p>\n<p>Trenutni problemi LAG-a se o\u010dituju u nedostatku izvora financiranja  LAG-a.<strong><br \/>\n<\/strong><\/p>\n","protected":false},"excerpt":{"rendered":"<p>U ponedjeljak 07. listopada odr\u017eana je u Opuzenu skup\u0161tina LAG-a (local action group) Neretve na kojoj je sudjelovao 21 \u010dlan skup\u0161tine. Od tog broja \u010dak tre\u0107ina je bila s podru\u010dja Op\u0107ine Kula Norinska, a me\u0111u njima i predstavnik Op\u0107ine Kula Norinska. Osobe s podru\u010dja op\u0107ine&#8230;<\/p>\n","protected":false},"author":1,"featured_media":4259,"comment_status":"closed","ping_status":"closed","sticky":false,"template":"","format":"standard","meta":{"_monsterinsights_skip_tracking":false,"_monsterinsights_sitenote_active":false,"_monsterinsights_sitenote_note":"","_monsterinsights_sitenote_category":0,"ngg_post_thumbnail":0},"categories":[9,11],"tags":[],"_links":{"self":[{"href":"https:\/\/kulanorinska.hr\/index.php?rest_route=\/wp\/v2\/posts\/4258"}],"collection":[{"href":"https:\/\/kulanorinska.hr\/index.php?rest_route=\/wp\/v2\/posts"}],"about":[{"href":"https:\/\/kulanorinska.hr\/index.php?rest_route=\/wp\/v2\/types\/post"}],"author":[{"embeddable":true,"href":"https:\/\/kulanorinska.hr\/index.php?rest_route=\/wp\/v2\/users\/1"}],"replies":[{"embeddable":true,"href":"https:\/\/kulanorinska.hr\/index.php?rest_route=%2Fwp%2Fv2%2Fcomments&post=4258"}],"version-history":[{"count":0,"href":"https:\/\/kulanorinska.hr\/index.php?rest_route=\/wp\/v2\/posts\/4258\/revisions"}],"wp:featuredmedia":[{"embeddable":true,"href":"https:\/\/kulanorinska.hr\/index.php?rest_route=\/wp\/v2\/media\/4259"}],"wp:attachment":[{"href":"https:\/\/kulanorinska.hr\/index.php?rest_route=%2Fwp%2Fv2%2Fmedia&parent=4258"}],"wp:term":[{"taxonomy":"category","embeddable":true,"href":"https:\/\/kulanorinska.hr\/index.php?rest_route=%2Fwp%2Fv2%2Fcategories&post=4258"},{"taxonomy":"post_tag","embeddable":true,"href":"https:\/\/kulanorinska.hr\/index.php?rest_route=%2Fwp%2Fv2%2Ftags&post=4258"}],"curies":[{"name":"wp","href":"https:\/\/api.w.org\/{rel}","templated":true}]}}