{"id":4377,"date":"2014-04-13T14:40:32","date_gmt":"2014-04-13T12:40:32","guid":{"rendered":"http:\/\/kulanorinska.hr\/web\/?p=4377"},"modified":"2014-04-13T14:40:32","modified_gmt":"2014-04-13T12:40:32","slug":"umrla-zidovka-ilana-shafir","status":"publish","type":"post","link":"https:\/\/kulanorinska.hr\/?p=4377","title":{"rendered":"UMRLA \u017dIDOVKA ILANA SHAFIR"},"content":{"rendered":"<p style=\"text-align: justify;\"><a href=\"http:\/\/kulanorinska.hr.win7.mojsite.com\/web\/wp-content\/uploads\/2014\/04\/ilana_shafir.jpg\"><img loading=\"lazy\" class=\"alignnone size-full wp-image-4378\" title=\"ilana_shafir\" src=\"https:\/\/kulanorinska.hr.win7.mojsite.com\/web\/wp-content\/uploads\/2014\/04\/ilana_shafir.jpg\" alt=\"\" width=\"387\" height=\"400\" srcset=\"https:\/\/kulanorinska.hr\/wp-content\/uploads\/2014\/04\/ilana_shafir.jpg 387w, https:\/\/kulanorinska.hr\/wp-content\/uploads\/2014\/04\/ilana_shafir-290x300.jpg 290w\" sizes=\"(max-width: 387px) 100vw, 387px\" \/><\/a><\/p>\n<p style=\"text-align: justify;\">Ju\u010der je u izraelskom gradu Ashkelonu u 90-oj godini preminula<strong> Ilana Shafir (ro\u0111ena kao Jelena Stark), <\/strong><strong>\u017didovka koja se s obitelji od  1942 do 1944. godine skrivala u Kuli Norinskoj od progona nacista i fa\u0161ista.<\/strong><\/p>\n<p style=\"text-align: justify;\">Ilana je 2009. godine, tada kao 85-godi\u0161njakinja imala veliku \u017eelju  posjetiti ponovno Hrvatsku i Kulu Norinsku, te ju je posjetila kao i  Danila Jerkovi\u0107a iz Kule Norinske, te i niz drugih osoba koje su joj  pomogle prisjetiti se turbuletne mladosti.<\/p>\n<p style=\"text-align: justify;\">Kao dijete Jelena (Ileana) je s obitelji krenula u zbijeg iz Sarajeva  pred njema\u010dkom vojskom koja je vr\u0161ila etni\u010dko \u010di\u0161\u0107enje od \u017didova, te se u  tom zbijegu skrila sa dijelom obitelji u Kuli Norinskoj u \u017eeljezni\u010dkoj  kamenoj ku\u0107i u kojoj ih je samo zid dijelio od susjedne prostorije u  kojoj su stali talijanski, a kasnije njema\u010dki vojnici.<\/p>\n<p style=\"text-align: justify;\">Nakon \u0161to je njen otac, ina\u010de in\u017einjer koji se smjestio u Sarajevu prije  rata, priskrbio obitelji la\u017ene dokumente, krenuli su iz Sarajeva vlakom  prema teritoriju pod okupacijom Italije koji je bio manje  neprijateljski prema \u017didovima. Me\u0111utim, kako je \u017eeljezni\u010dka pruga bila  minirana  i uni\u0161tena na par mjesta, putovanje se pretvorilo u neizvjesnu  avanturu prepunu strahovanja. Sre\u0107om, \u017eeljezni\u010dari su se organizirali  pa su prebacivali putnike vozilima, skelama i drugim sredstvima do  dijelova koji su bili vozni za vlakova, pa je Jelena (Ileana) s obitelji  kona\u010dno odahnula kada je nakon mukotrpnog putovanja do\u0161la do teritorija  pod okupacijom Talijana koji su slabije provodili rasne direktive, te  Kule Norinske gdje su se smjestili u \u017eeljezni\u010dkoj ku\u0107i.<\/p>\n<p style=\"text-align: justify;\">Tada je i ispri\u010dala kako je to bilo \u017eivjeti svaki dan u strahu da \u0107e te  netko otkriti i odvesti u smrt, kako je to biti dijete i ne mo\u0107i se  potpuno slobodno igrati kao druga djeca, a opet nastojati \u017eivjeti kao i  drugi.<\/p>\n<p style=\"text-align: justify;\">Obitelj Jelene (Ilane) se 1944. godine preselila u Pulu gdje su  mnogobrojni Talijani ostavili prazne stanove nakon pada Italije, a vrlo  brzo se sa sestrom preselila u Zagreb gdje je 1949. godine zavr\u0161ila  Likovnu akademiju i odmah po zavr\u0161etku akademije se preselila u Izraela  na poziv tada\u0161nje dr\u017eave u osnivanju da se svi \u017didovi nasele u Izraelu.<\/p>\n<p style=\"text-align: justify;\">Pri tom Jelena (Ielana) do smrti zaboravila govoriti hrvatski jezik. Ne  samo da ga govorila, ve\u0107 se 2009. godine prilikom njene posjete iz niti  jedne njene rije\u010di nije dalo razabrati da \u017eivi ve\u0107 65 godina izvan  Hrvatske. Sama nam je tada rekla da nije imala puno prilike govoriti  hrvatski, ali se trudila da ga ne zaboravi.<\/p>\n<p style=\"text-align: justify;\">Ilana je u Izraelu bila priznata slikarica, a upravo mnogobrojne slike  nacrtala je u Kuli Norinskoj slikaju\u0107i pejza\u017ee Kule, ali i portrete  ljudi na Kuli.<\/p>\n<p style=\"text-align: justify;\">Ilana je te 2009. godine do\u0161la s k\u0107erkom te s Eugeniom Sherman Brown,  povjesni\u010darkom (ina\u010de profesoricom na ameri\u010dkom sveu\u010dili\u0161tu). Ilana se  posebno interesirala za informacije ili fotografije o <strong>Don Petru Ba\u0161i\u0107u <\/strong>koji  je bio veliki pomaga\u010d naroda u ratu, i koji je znao za \u017didove i pomagao  njihovo skrivanje, pa  tako i njeno skrivanje. Don Petar je posebno  napu\u0107ivao obitelji koje su znale porijeklo Ilane, da o tome \u0161ute i nikom  ne govore te je na svakojake na\u010dine pomagao opstanak te obitelji u Kuli  Norinskoj.<\/p>\n<p style=\"text-align: justify;\">Me\u0111utim, iako je <strong>don Petar Ba\u0161i\u0107 bio antifa\u0161ist, komunisti i mrzitelji crkve su ga do\u0161li glave<\/strong>.  Naime don Petar je po planu jednog od komunisti\u010dkih vo\u0111a (po pri\u010danju  starih ljudi radilo se komesaru Karamati\u0107u iz mjesta Karamati\u0107i)  kamenovan u zasjedi upravo u predjelu Karamati\u0107i nakon \u0161to je pozvan  zajedno sa sve\u0107enikom Milanom \u0160etkom (iz Desana) da ispovjeda u tom  kraju. Karamati\u0107 je organizirao djecu da skupe hrpe kamenja kojima \u0107e  zasuti don Petra i don Milana \u0160etlku kad nai\u0111u. Kako je Milanu \u0160etki bio  poznat taj kraj, on je uspio pobje\u0107i pred zlo\u010dinom kad su krenula prva  kamenja, dok se don Petar Ba\u0161i\u0107 nije sna\u0161ao pred bujicom kamenja koji su  ga zasuli te je zadobio ozljede bubrega od kojih je nedugo nakon  kamenovanja preminuo 1951. godine<\/p>\n<p style=\"text-align: justify;\">Kamenovatelji  nisu nikad ka\u017enjeni.<\/p>\n","protected":false},"excerpt":{"rendered":"<p>Ju\u010der je u izraelskom gradu Ashkelonu u 90-oj godini preminula Ilana Shafir (ro\u0111ena kao Jelena Stark), \u017didovka koja se s obitelji od 1942 do 1944. godine skrivala u Kuli Norinskoj od progona nacista i fa\u0161ista. Ilana je 2009. godine, tada kao 85-godi\u0161njakinja imala veliku \u017eelju&#8230;<\/p>\n","protected":false},"author":1,"featured_media":4378,"comment_status":"closed","ping_status":"closed","sticky":false,"template":"","format":"standard","meta":{"_monsterinsights_skip_tracking":false,"_monsterinsights_sitenote_active":false,"_monsterinsights_sitenote_note":"","_monsterinsights_sitenote_category":0,"ngg_post_thumbnail":0},"categories":[6,9,11],"tags":[],"_links":{"self":[{"href":"https:\/\/kulanorinska.hr\/index.php?rest_route=\/wp\/v2\/posts\/4377"}],"collection":[{"href":"https:\/\/kulanorinska.hr\/index.php?rest_route=\/wp\/v2\/posts"}],"about":[{"href":"https:\/\/kulanorinska.hr\/index.php?rest_route=\/wp\/v2\/types\/post"}],"author":[{"embeddable":true,"href":"https:\/\/kulanorinska.hr\/index.php?rest_route=\/wp\/v2\/users\/1"}],"replies":[{"embeddable":true,"href":"https:\/\/kulanorinska.hr\/index.php?rest_route=%2Fwp%2Fv2%2Fcomments&post=4377"}],"version-history":[{"count":0,"href":"https:\/\/kulanorinska.hr\/index.php?rest_route=\/wp\/v2\/posts\/4377\/revisions"}],"wp:featuredmedia":[{"embeddable":true,"href":"https:\/\/kulanorinska.hr\/index.php?rest_route=\/wp\/v2\/media\/4378"}],"wp:attachment":[{"href":"https:\/\/kulanorinska.hr\/index.php?rest_route=%2Fwp%2Fv2%2Fmedia&parent=4377"}],"wp:term":[{"taxonomy":"category","embeddable":true,"href":"https:\/\/kulanorinska.hr\/index.php?rest_route=%2Fwp%2Fv2%2Fcategories&post=4377"},{"taxonomy":"post_tag","embeddable":true,"href":"https:\/\/kulanorinska.hr\/index.php?rest_route=%2Fwp%2Fv2%2Ftags&post=4377"}],"curies":[{"name":"wp","href":"https:\/\/api.w.org\/{rel}","templated":true}]}}