{"id":4382,"date":"2014-04-14T22:02:01","date_gmt":"2014-04-14T20:02:01","guid":{"rendered":"http:\/\/kulanorinska.hr\/web\/?p=4382"},"modified":"2014-04-14T22:02:01","modified_gmt":"2014-04-14T20:02:01","slug":"u-kriznom-putu-vise-stotina-vjernika","status":"publish","type":"post","link":"https:\/\/kulanorinska.hr\/?p=4382","title":{"rendered":"U KRI\u017dNOM PUTU VI\u0160E STOTINA VJERNIKA"},"content":{"rendered":"<p style=\"text-align: justify;\">U subotu, 12. travnja 2014. godine odr\u017ean je put kri\u017ea od Bagalovi\u0107a do \u017dupne crkve. Put kri\u017ea je odr\u017ean u subotu obzirom na \u017eelju\u00a0 pripadnika policije sa podru\u010dja  Dubrova\u010dko-neretvanske \u017eupanije zajedno sa njihovim policijskim kapelanom,  don Ivom Bori\u0107em.<br \/>\nPored policije u Kri\u017enom putu je sudjelovalo i mno\u0161tvo \u017eupljana \u017dupe Bagalovi\u0107i, ali i ostalih mjesta okolice, tako da je u procesiji sudjelovalo vi\u0161e stotina vjernika.<\/p>\n<p style=\"text-align: justify;\"><em>Foto: Hrvoje Vu\u010dkovi\u0107 Rus<\/em><\/p>\n<p style=\"text-align: justify;\"><a href=\"http:\/\/kulanorinska.hr.win7.mojsite.com\/web\/wp-content\/uploads\/2014\/04\/1.jpg\"><img loading=\"lazy\" class=\"alignnone size-full wp-image-4383\" title=\"1\" src=\"https:\/\/kulanorinska.hr.win7.mojsite.com\/web\/wp-content\/uploads\/2014\/04\/1.jpg\" alt=\"\" width=\"960\" height=\"540\" srcset=\"https:\/\/kulanorinska.hr\/wp-content\/uploads\/2014\/04\/1.jpg 960w, https:\/\/kulanorinska.hr\/wp-content\/uploads\/2014\/04\/1-300x169.jpg 300w, https:\/\/kulanorinska.hr\/wp-content\/uploads\/2014\/04\/1-768x432.jpg 768w\" sizes=\"(max-width: 960px) 100vw, 960px\" \/><\/a><\/p>\n","protected":false},"excerpt":{"rendered":"<p>U subotu, 12. travnja 2014. godine odr\u017ean je put kri\u017ea od Bagalovi\u0107a do \u017dupne crkve. Put kri\u017ea je odr\u017ean u subotu obzirom na \u017eelju\u00a0 pripadnika policije sa podru\u010dja Dubrova\u010dko-neretvanske \u017eupanije zajedno sa njihovim policijskim kapelanom, don Ivom Bori\u0107em. Pored policije u Kri\u017enom putu je sudjelovalo&#8230;<\/p>\n","protected":false},"author":1,"featured_media":4383,"comment_status":"closed","ping_status":"closed","sticky":false,"template":"","format":"standard","meta":{"_monsterinsights_skip_tracking":false,"_monsterinsights_sitenote_active":false,"_monsterinsights_sitenote_note":"","_monsterinsights_sitenote_category":0,"ngg_post_thumbnail":0},"categories":[9,11],"tags":[],"_links":{"self":[{"href":"https:\/\/kulanorinska.hr\/index.php?rest_route=\/wp\/v2\/posts\/4382"}],"collection":[{"href":"https:\/\/kulanorinska.hr\/index.php?rest_route=\/wp\/v2\/posts"}],"about":[{"href":"https:\/\/kulanorinska.hr\/index.php?rest_route=\/wp\/v2\/types\/post"}],"author":[{"embeddable":true,"href":"https:\/\/kulanorinska.hr\/index.php?rest_route=\/wp\/v2\/users\/1"}],"replies":[{"embeddable":true,"href":"https:\/\/kulanorinska.hr\/index.php?rest_route=%2Fwp%2Fv2%2Fcomments&post=4382"}],"version-history":[{"count":0,"href":"https:\/\/kulanorinska.hr\/index.php?rest_route=\/wp\/v2\/posts\/4382\/revisions"}],"wp:featuredmedia":[{"embeddable":true,"href":"https:\/\/kulanorinska.hr\/index.php?rest_route=\/wp\/v2\/media\/4383"}],"wp:attachment":[{"href":"https:\/\/kulanorinska.hr\/index.php?rest_route=%2Fwp%2Fv2%2Fmedia&parent=4382"}],"wp:term":[{"taxonomy":"category","embeddable":true,"href":"https:\/\/kulanorinska.hr\/index.php?rest_route=%2Fwp%2Fv2%2Fcategories&post=4382"},{"taxonomy":"post_tag","embeddable":true,"href":"https:\/\/kulanorinska.hr\/index.php?rest_route=%2Fwp%2Fv2%2Ftags&post=4382"}],"curies":[{"name":"wp","href":"https:\/\/api.w.org\/{rel}","templated":true}]}}