{"id":4397,"date":"2014-04-23T23:32:30","date_gmt":"2014-04-23T21:32:30","guid":{"rendered":"http:\/\/kulanorinska.hr\/web\/?p=4397"},"modified":"2014-04-23T23:32:30","modified_gmt":"2014-04-23T21:32:30","slug":"sv-jure-u-desnama","status":"publish","type":"post","link":"https:\/\/kulanorinska.hr\/?p=4397","title":{"rendered":"SV. JURE U DESNAMA OTVORIO SEZONU"},"content":{"rendered":"<p style=\"text-align: justify;\"><strong>Danas se u Desnama slavi Sv. Jure, za\u0161titnik tog mjesta.<\/strong><\/p>\n<p style=\"text-align: justify;\"><strong>Sv. Jure u Desnama se u nekada\u0161nja vremena slavio vrlo burno. Naime pored obiteljskih slava Desanaca, u mjesnoj \u0161koli\/domu su se odr\u017eavale poznate zabave na kojima su znali nastupati pjeva\u010di koji su bili poznati u cijeloj tada\u0161njoj Jugoslaviji.<\/strong><\/p>\n<p style=\"text-align: justify;\"><strong>Sv. Jure je ujedno ozna\u010davao &#8220;po\u010detak sezone janjetine&#8221; jer je fe\u0161ta Sv. Jure prva mjesna fe\u0161ta u godini na podru\u010dju doline Neretve, pa se ljubitelji janjetine redovito pojave u Desnama na degustiranju pe\u010dene janjetine.<\/strong><\/p>\n<p style=\"text-align: justify;\"><strong>Svim Desancima i svim Jurama, Juricama i Jurkama, \u017eelimo sre\u0107u.<\/strong><\/p>\n<p style=\"text-align: justify;\">\n<p style=\"text-align: justify;\"><a href=\"http:\/\/kulanorinska.hr.win7.mojsite.com\/web\/wp-content\/uploads\/2014\/04\/sveti_jure.jpg\"><img loading=\"lazy\" class=\"alignnone size-full wp-image-4398\" title=\"sveti_jure\" src=\"https:\/\/kulanorinska.hr.win7.mojsite.com\/web\/wp-content\/uploads\/2014\/04\/sveti_jure.jpg\" alt=\"\" width=\"311\" height=\"446\" srcset=\"https:\/\/kulanorinska.hr\/wp-content\/uploads\/2014\/04\/sveti_jure.jpg 311w, https:\/\/kulanorinska.hr\/wp-content\/uploads\/2014\/04\/sveti_jure-209x300.jpg 209w\" sizes=\"(max-width: 311px) 100vw, 311px\" \/><\/a><\/p>\n","protected":false},"excerpt":{"rendered":"<p>Danas se u Desnama slavi Sv. Jure, za\u0161titnik tog mjesta. Sv. Jure u Desnama se u nekada\u0161nja vremena slavio vrlo burno. Naime pored obiteljskih slava Desanaca, u mjesnoj \u0161koli\/domu su se odr\u017eavale poznate zabave na kojima su znali nastupati pjeva\u010di koji su bili poznati u&#8230;<\/p>\n","protected":false},"author":1,"featured_media":4398,"comment_status":"closed","ping_status":"closed","sticky":false,"template":"","format":"standard","meta":{"_monsterinsights_skip_tracking":false,"_monsterinsights_sitenote_active":false,"_monsterinsights_sitenote_note":"","_monsterinsights_sitenote_category":0,"ngg_post_thumbnail":0},"categories":[3,9],"tags":[],"_links":{"self":[{"href":"https:\/\/kulanorinska.hr\/index.php?rest_route=\/wp\/v2\/posts\/4397"}],"collection":[{"href":"https:\/\/kulanorinska.hr\/index.php?rest_route=\/wp\/v2\/posts"}],"about":[{"href":"https:\/\/kulanorinska.hr\/index.php?rest_route=\/wp\/v2\/types\/post"}],"author":[{"embeddable":true,"href":"https:\/\/kulanorinska.hr\/index.php?rest_route=\/wp\/v2\/users\/1"}],"replies":[{"embeddable":true,"href":"https:\/\/kulanorinska.hr\/index.php?rest_route=%2Fwp%2Fv2%2Fcomments&post=4397"}],"version-history":[{"count":0,"href":"https:\/\/kulanorinska.hr\/index.php?rest_route=\/wp\/v2\/posts\/4397\/revisions"}],"wp:featuredmedia":[{"embeddable":true,"href":"https:\/\/kulanorinska.hr\/index.php?rest_route=\/wp\/v2\/media\/4398"}],"wp:attachment":[{"href":"https:\/\/kulanorinska.hr\/index.php?rest_route=%2Fwp%2Fv2%2Fmedia&parent=4397"}],"wp:term":[{"taxonomy":"category","embeddable":true,"href":"https:\/\/kulanorinska.hr\/index.php?rest_route=%2Fwp%2Fv2%2Fcategories&post=4397"},{"taxonomy":"post_tag","embeddable":true,"href":"https:\/\/kulanorinska.hr\/index.php?rest_route=%2Fwp%2Fv2%2Ftags&post=4397"}],"curies":[{"name":"wp","href":"https:\/\/api.w.org\/{rel}","templated":true}]}}