{"id":4795,"date":"2015-06-25T01:45:50","date_gmt":"2015-06-24T23:45:50","guid":{"rendered":"http:\/\/kulanorinska.hr\/web\/?p=4795"},"modified":"2015-06-25T01:45:50","modified_gmt":"2015-06-24T23:45:50","slug":"sretan-dan-drzavnosti-republike-hrvatske","status":"publish","type":"post","link":"https:\/\/kulanorinska.hr\/?p=4795","title":{"rendered":"SRETAN DAN DR\u017dAVNOSTI REPUBLIKE HRVATSKE"},"content":{"rendered":"<p style=\"text-align: justify;\"><strong>Na dana\u0161nji dan 25. lipnja 2015. godine, \u00a0slavimo Dan dr\u017eavnosti Republike Hrvatske kojeg smo pomalo neopravdano zapostavili. Na dana\u0161nji dan je 1991. godine\u00a0 Sabor Republike Hrvatske donio Ustavnu odluku kojom se Republika Hrvatska progla\u0161ava suverenom i samostalnom dr\u017eavom. Tom odlukom pokrenuo se postupak razdru\u017eivanja od drugih republika i SFRJ te se isto tako pokrenuo postupak za me\u0111unarodno priznanje.<\/strong><\/p>\n<p style=\"text-align: justify;\"><strong>Na dana\u0161nji dan se posebno sje\u0107amo na\u0161ih poginulih branitelja iz op\u0107ina Kula Norinska: Maria Nikoli\u0107a \u2013 Ki\u0161a, Nike Jerkovi\u0107a \u2013 Prime i Ivice Prusca \u2013 Jume koji su svoj \u017eivot dali za slobodu na\u0161e Domovine.<\/strong><\/p>\n<p style=\"text-align: justify;\"><strong>Njhova \u017ertva, te \u017ertva svih gra\u0111ana na\u0161e Domovine nas obvezuje da je gradimo na \u010dvrstim temeljima znanjem radom i zalaganjem.<\/strong><\/p>\n<p style=\"text-align: justify;\"><strong>Op\u0107ina Kula Norinska na \u010delu sa na\u010delnikom Nikolom Krsti\u010devi\u0107em, zamjenikom na\u010delnika Brankom Jerkovi\u0107em, te Op\u0107inskim vije\u0107em Op\u0107ine Kula Norinska, \u017eeli sretan Dan dr\u017eavnosti svim gra\u0111anima Republike Hrvatske, a posebno stanovnicima op\u0107ine Kula Norinska<\/strong><\/p>\n<p style=\"text-align: justify;\"><strong><a href=\"https:\/\/kulanorinska.hr\/web\/wp-content\/uploads\/2015\/06\/slika4408.jpg\"><img loading=\"lazy\" class=\"alignnone size-full wp-image-4796\" title=\"slika4408\" src=\"https:\/\/kulanorinska.hr\/web\/wp-content\/uploads\/2015\/06\/slika4408.jpg\" alt=\"\" width=\"800\" height=\"536\" srcset=\"https:\/\/kulanorinska.hr\/wp-content\/uploads\/2015\/06\/slika4408.jpg 800w, https:\/\/kulanorinska.hr\/wp-content\/uploads\/2015\/06\/slika4408-300x201.jpg 300w, https:\/\/kulanorinska.hr\/wp-content\/uploads\/2015\/06\/slika4408-768x515.jpg 768w\" sizes=\"(max-width: 800px) 100vw, 800px\" \/><\/a><\/strong><\/p>\n","protected":false},"excerpt":{"rendered":"<p>Na dana\u0161nji dan 25. lipnja 2015. godine, \u00a0slavimo Dan dr\u017eavnosti Republike Hrvatske kojeg smo pomalo neopravdano zapostavili. Na dana\u0161nji dan je 1991. godine\u00a0 Sabor Republike Hrvatske donio Ustavnu odluku kojom se Republika Hrvatska progla\u0161ava suverenom i samostalnom dr\u017eavom. Tom odlukom pokrenuo se postupak razdru\u017eivanja od&#8230;<\/p>\n","protected":false},"author":1,"featured_media":4796,"comment_status":"closed","ping_status":"closed","sticky":false,"template":"","format":"standard","meta":{"_monsterinsights_skip_tracking":false,"_monsterinsights_sitenote_active":false,"_monsterinsights_sitenote_note":"","_monsterinsights_sitenote_category":0,"ngg_post_thumbnail":0},"categories":[9,11],"tags":[],"_links":{"self":[{"href":"https:\/\/kulanorinska.hr\/index.php?rest_route=\/wp\/v2\/posts\/4795"}],"collection":[{"href":"https:\/\/kulanorinska.hr\/index.php?rest_route=\/wp\/v2\/posts"}],"about":[{"href":"https:\/\/kulanorinska.hr\/index.php?rest_route=\/wp\/v2\/types\/post"}],"author":[{"embeddable":true,"href":"https:\/\/kulanorinska.hr\/index.php?rest_route=\/wp\/v2\/users\/1"}],"replies":[{"embeddable":true,"href":"https:\/\/kulanorinska.hr\/index.php?rest_route=%2Fwp%2Fv2%2Fcomments&post=4795"}],"version-history":[{"count":0,"href":"https:\/\/kulanorinska.hr\/index.php?rest_route=\/wp\/v2\/posts\/4795\/revisions"}],"wp:featuredmedia":[{"embeddable":true,"href":"https:\/\/kulanorinska.hr\/index.php?rest_route=\/wp\/v2\/media\/4796"}],"wp:attachment":[{"href":"https:\/\/kulanorinska.hr\/index.php?rest_route=%2Fwp%2Fv2%2Fmedia&parent=4795"}],"wp:term":[{"taxonomy":"category","embeddable":true,"href":"https:\/\/kulanorinska.hr\/index.php?rest_route=%2Fwp%2Fv2%2Fcategories&post=4795"},{"taxonomy":"post_tag","embeddable":true,"href":"https:\/\/kulanorinska.hr\/index.php?rest_route=%2Fwp%2Fv2%2Ftags&post=4795"}],"curies":[{"name":"wp","href":"https:\/\/api.w.org\/{rel}","templated":true}]}}