{"id":4806,"date":"2015-07-12T22:08:03","date_gmt":"2015-07-12T20:08:03","guid":{"rendered":"http:\/\/kulanorinska.hr\/web\/?p=4806"},"modified":"2015-07-12T22:08:03","modified_gmt":"2015-07-12T20:08:03","slug":"pozar-dimare-u-matijevicima-uspjesno-ugasen","status":"publish","type":"post","link":"https:\/\/kulanorinska.hr\/?p=4806","title":{"rendered":"PO\u017dAR DIMARE U MATIJEVI\u0106IMA USPJE\u0160NO UGA\u0160EN"},"content":{"rendered":"<p>Danas oko 19 sati u Matijevi\u0107ima se u dimari vlasnika M. Jovice dogodio po\u017ear koji je pravovremenom reakcijom DVD Kula Norinska i JVP Metkovi\u0107 uga\u0161en. Prema rije\u010dima predsjednika DVD-a Kula Norinska Ante Jerkovi\u0107a, nije bilo izravne ugroze \u017eivota, a uzroci po\u017eara se utvr\u0111uju.<\/p>\n<p>U po\u017earu je izgorjela dimara, a brzom reakcijom vatrogasaca nije dopu\u0161teno da se po\u017ear eventualno pro\u0161iri na obli\u017enja stabla i \u0161umu.<\/p>\n<p>Materijalna \u0161teta nije velika, a na pola sata je bio blokiran promet dr\u017eavne ceste Vrgorac-Kula Norinska.<\/p>\n<p><a href=\"https:\/\/kulanorinska.hr\/web\/wp-content\/uploads\/2015\/07\/CAM01150.jpg\"><img loading=\"lazy\" class=\"alignnone size-full wp-image-4807\" title=\"CAM01150\" src=\"https:\/\/kulanorinska.hr\/web\/wp-content\/uploads\/2015\/07\/CAM01150.jpg\" alt=\"\" width=\"640\" height=\"480\" srcset=\"https:\/\/kulanorinska.hr\/wp-content\/uploads\/2015\/07\/CAM01150.jpg 640w, https:\/\/kulanorinska.hr\/wp-content\/uploads\/2015\/07\/CAM01150-300x225.jpg 300w\" sizes=\"(max-width: 640px) 100vw, 640px\" \/><\/a><\/p>\n<p><a href=\"https:\/\/kulanorinska.hr\/web\/wp-content\/uploads\/2015\/07\/CAM01149.jpg\"><img loading=\"lazy\" class=\"alignnone size-full wp-image-4808\" title=\"CAM01149\" src=\"https:\/\/kulanorinska.hr\/web\/wp-content\/uploads\/2015\/07\/CAM01149.jpg\" alt=\"\" width=\"2560\" height=\"1920\" srcset=\"https:\/\/kulanorinska.hr\/wp-content\/uploads\/2015\/07\/CAM01149.jpg 2560w, https:\/\/kulanorinska.hr\/wp-content\/uploads\/2015\/07\/CAM01149-300x225.jpg 300w, https:\/\/kulanorinska.hr\/wp-content\/uploads\/2015\/07\/CAM01149-768x576.jpg 768w, https:\/\/kulanorinska.hr\/wp-content\/uploads\/2015\/07\/CAM01149-1024x768.jpg 1024w, https:\/\/kulanorinska.hr\/wp-content\/uploads\/2015\/07\/CAM01149-1200x900.jpg 1200w\" sizes=\"(max-width: 2560px) 100vw, 2560px\" \/><\/a><\/p>\n<p>12.07.2015<\/p>\n","protected":false},"excerpt":{"rendered":"<p>Danas oko 19 sati u Matijevi\u0107ima se u dimari vlasnika M. Jovice dogodio po\u017ear koji je pravovremenom reakcijom DVD Kula Norinska i JVP Metkovi\u0107 uga\u0161en. Prema rije\u010dima predsjednika DVD-a Kula Norinska Ante Jerkovi\u0107a, nije bilo izravne ugroze \u017eivota, a uzroci po\u017eara se utvr\u0111uju. U po\u017earu&#8230;<\/p>\n","protected":false},"author":1,"featured_media":4807,"comment_status":"closed","ping_status":"closed","sticky":false,"template":"","format":"standard","meta":{"_monsterinsights_skip_tracking":false,"_monsterinsights_sitenote_active":false,"_monsterinsights_sitenote_note":"","_monsterinsights_sitenote_category":0,"ngg_post_thumbnail":0},"categories":[7,9],"tags":[],"_links":{"self":[{"href":"https:\/\/kulanorinska.hr\/index.php?rest_route=\/wp\/v2\/posts\/4806"}],"collection":[{"href":"https:\/\/kulanorinska.hr\/index.php?rest_route=\/wp\/v2\/posts"}],"about":[{"href":"https:\/\/kulanorinska.hr\/index.php?rest_route=\/wp\/v2\/types\/post"}],"author":[{"embeddable":true,"href":"https:\/\/kulanorinska.hr\/index.php?rest_route=\/wp\/v2\/users\/1"}],"replies":[{"embeddable":true,"href":"https:\/\/kulanorinska.hr\/index.php?rest_route=%2Fwp%2Fv2%2Fcomments&post=4806"}],"version-history":[{"count":0,"href":"https:\/\/kulanorinska.hr\/index.php?rest_route=\/wp\/v2\/posts\/4806\/revisions"}],"wp:featuredmedia":[{"embeddable":true,"href":"https:\/\/kulanorinska.hr\/index.php?rest_route=\/wp\/v2\/media\/4807"}],"wp:attachment":[{"href":"https:\/\/kulanorinska.hr\/index.php?rest_route=%2Fwp%2Fv2%2Fmedia&parent=4806"}],"wp:term":[{"taxonomy":"category","embeddable":true,"href":"https:\/\/kulanorinska.hr\/index.php?rest_route=%2Fwp%2Fv2%2Fcategories&post=4806"},{"taxonomy":"post_tag","embeddable":true,"href":"https:\/\/kulanorinska.hr\/index.php?rest_route=%2Fwp%2Fv2%2Ftags&post=4806"}],"curies":[{"name":"wp","href":"https:\/\/api.w.org\/{rel}","templated":true}]}}