{"id":5868,"date":"2016-07-18T13:13:10","date_gmt":"2016-07-18T11:13:10","guid":{"rendered":"http:\/\/kulanorinska.hr\/web\/?p=5868"},"modified":"2016-07-18T13:13:10","modified_gmt":"2016-07-18T11:13:10","slug":"proslavljen-dan-opcine","status":"publish","type":"post","link":"https:\/\/kulanorinska.hr\/?p=5868","title":{"rendered":"PROSLAVLJEN DAN OP\u0106INE"},"content":{"rendered":"<p>Pro\u0161li vikend je obilje\u017een Dan Op\u0107ine Kule Norinske i blagdan Gospe Karmelske.<\/p>\n<p>Tim povodom odr\u017eana je sve\u010dana sjednica Op\u0107inskog vije\u0107a Op\u0107ine Kula Norinska na kojoj su izme\u0111u ostalih prisustvovali i \u017eupan Dubrova\u010dko-nerevanske \u017eupanije Nikola Dobroslavi\u0107, saborski zastupnik Branko Ba\u010di\u0107, pomo\u0107nica Ministra regionalnog razvoja i fondova EU Marija Vu\u010dkovi\u0107, glavni vatrogasni zapovjednik Stjepan Simovi\u0107, gradona\u010delnici i na\u010denici  susjednih gradova i op\u0107ina, \u00a0op\u0107inski vije\u0107nici, predstavnici mjesnih odbora, te mnogobrojne druge osobe iz javnog \u017eivota doline Neretve.<\/p>\n<p>Odigrana je zavr\u0161nica tradicionalnog memorijalnog malonogometnog turnira u znak sje\u0107anja poginulom hrvatskom vitezu Mariu Nikoli\u0107u \u2013 Ki\u0161u, gdje je ekipa \u201eColumbia\u201c iz Rogotina pobijedila pro\u0161logodi\u0161nje osvaja\u010de \u201eTravari\u201c iz Plo\u010da rezultatom 2:1, te pored nov\u010dane nagrade i medalja u svoje vitrine ponijela veliki prijenosni pehar.<\/p>\n<p style=\"text-align: center;\"><a href=\"https:\/\/kulanorinska.hr\/web\/wp-content\/uploads\/2016\/07\/turnir.jpg\"><img loading=\"lazy\" class=\"size-thumbnail wp-image-5869    alignleft\" title=\"turnir\" src=\"https:\/\/kulanorinska.hr\/web\/wp-content\/uploads\/2016\/07\/turnir-150x150.jpg\" alt=\"\" width=\"150\" height=\"150\" \/><\/a><a href=\"https:\/\/kulanorinska.hr\/web\/wp-content\/uploads\/2016\/07\/turnir2.jpg\"><img loading=\"lazy\" class=\"size-thumbnail wp-image-5870  alignleft\" title=\"turnir2\" src=\"https:\/\/kulanorinska.hr\/web\/wp-content\/uploads\/2016\/07\/turnir2-150x150.jpg\" alt=\"\" width=\"150\" height=\"150\" \/><\/a><a href=\"https:\/\/kulanorinska.hr\/web\/wp-content\/uploads\/2016\/07\/turnir3.jpg\"><img loading=\"lazy\" class=\"size-thumbnail wp-image-5883   aligncenter\" title=\"turnir3\" src=\"https:\/\/kulanorinska.hr\/web\/wp-content\/uploads\/2016\/07\/turnir3-150x150.jpg\" alt=\"\" width=\"150\" height=\"150\" \/><\/a><\/p>\n<p style=\"text-align: left;\">Tako\u0111er, u nedjelju je ordr\u017ean\u00a0 12. La\u0111arski kup \u017dupe Bagalovi\u0107 u organizaciji udruge \u201eOba Krvavca\u201c, gdje je nastupilo 15 ekipa, a zaslu\u017eenu pobjedu odnijela je ekipa \u201eGusari\u201c iz Komina. Srebro su osvojili pro\u0161logodi\u0161nji pobjednici UL \u201eStablina\u201c, a doma\u0107a ekipa UL \u201eGospa Karmelska\u201c zauzela je odli\u010dno tre\u0107e mjesto u jakoj konkurenciji, te ovim putem\u00a0 \u010destitamo svim la\u0111arima na uspjehu.<\/p>\n<p>Iskrene \u010destitke svim \u017eiteljima i dragim prijateljima povodom dana op\u0107ine i na\u0161e nebeske za\u0161titnice Gospe Karmelske \u017eeli Op\u0107ina Kula Norinska na \u010delu sa na\u010delnikom Nikolom Krsti\u010devi\u0107em.<\/p>\n<p><a href=\"https:\/\/kulanorinska.hr\/web\/wp-content\/uploads\/2016\/07\/gusari.jpg\"><img loading=\"lazy\" class=\"alignleft size-thumbnail wp-image-5871\" title=\"gusari\" src=\"https:\/\/kulanorinska.hr\/web\/wp-content\/uploads\/2016\/07\/gusari-150x150.jpg\" alt=\"\" width=\"150\" height=\"150\" \/><\/a><a href=\"https:\/\/kulanorinska.hr\/web\/wp-content\/uploads\/2016\/07\/maraton.jpg\"><img loading=\"lazy\" class=\"alignleft size-thumbnail wp-image-5872\" title=\"maraton\" src=\"https:\/\/kulanorinska.hr\/web\/wp-content\/uploads\/2016\/07\/maraton-150x150.jpg\" alt=\"\" width=\"150\" height=\"150\" \/><\/a><a href=\"https:\/\/kulanorinska.hr\/web\/wp-content\/uploads\/2016\/07\/maraton2.jpg\"><img loading=\"lazy\" class=\"alignleft size-thumbnail wp-image-5873\" title=\"maraton2\" src=\"https:\/\/kulanorinska.hr\/web\/wp-content\/uploads\/2016\/07\/maraton2-150x150.jpg\" alt=\"\" width=\"150\" height=\"150\" \/><\/a><a href=\"https:\/\/kulanorinska.hr\/web\/wp-content\/uploads\/2016\/07\/vatromet.jpg\"><img loading=\"lazy\" class=\"alignleft size-thumbnail wp-image-5875\" title=\"vatromet\" src=\"https:\/\/kulanorinska.hr\/web\/wp-content\/uploads\/2016\/07\/vatromet-150x150.jpg\" alt=\"\" width=\"150\" height=\"150\" \/><\/a><a href=\"https:\/\/kulanorinska.hr\/web\/wp-content\/uploads\/2016\/07\/vatromet2.jpg\"><img loading=\"lazy\" class=\"alignleft size-thumbnail wp-image-5890\" title=\"vatromet2\" src=\"https:\/\/kulanorinska.hr\/web\/wp-content\/uploads\/2016\/07\/vatromet2-150x150.jpg\" alt=\"\" width=\"150\" height=\"150\" \/><\/a><\/p>\n","protected":false},"excerpt":{"rendered":"<p>Pro\u0161li vikend je obilje\u017een Dan Op\u0107ine Kule Norinske i blagdan Gospe Karmelske. Tim povodom odr\u017eana je sve\u010dana sjednica Op\u0107inskog vije\u0107a Op\u0107ine Kula Norinska na kojoj su izme\u0111u ostalih prisustvovali i \u017eupan Dubrova\u010dko-nerevanske \u017eupanije Nikola Dobroslavi\u0107, saborski zastupnik Branko Ba\u010di\u0107, pomo\u0107nica Ministra regionalnog razvoja i fondova&#8230;<\/p>\n","protected":false},"author":1,"featured_media":5876,"comment_status":"closed","ping_status":"closed","sticky":false,"template":"","format":"standard","meta":{"_monsterinsights_skip_tracking":false,"_monsterinsights_sitenote_active":false,"_monsterinsights_sitenote_note":"","_monsterinsights_sitenote_category":0,"ngg_post_thumbnail":0},"categories":[9],"tags":[],"_links":{"self":[{"href":"https:\/\/kulanorinska.hr\/index.php?rest_route=\/wp\/v2\/posts\/5868"}],"collection":[{"href":"https:\/\/kulanorinska.hr\/index.php?rest_route=\/wp\/v2\/posts"}],"about":[{"href":"https:\/\/kulanorinska.hr\/index.php?rest_route=\/wp\/v2\/types\/post"}],"author":[{"embeddable":true,"href":"https:\/\/kulanorinska.hr\/index.php?rest_route=\/wp\/v2\/users\/1"}],"replies":[{"embeddable":true,"href":"https:\/\/kulanorinska.hr\/index.php?rest_route=%2Fwp%2Fv2%2Fcomments&post=5868"}],"version-history":[{"count":0,"href":"https:\/\/kulanorinska.hr\/index.php?rest_route=\/wp\/v2\/posts\/5868\/revisions"}],"wp:featuredmedia":[{"embeddable":true,"href":"https:\/\/kulanorinska.hr\/index.php?rest_route=\/wp\/v2\/media\/5876"}],"wp:attachment":[{"href":"https:\/\/kulanorinska.hr\/index.php?rest_route=%2Fwp%2Fv2%2Fmedia&parent=5868"}],"wp:term":[{"taxonomy":"category","embeddable":true,"href":"https:\/\/kulanorinska.hr\/index.php?rest_route=%2Fwp%2Fv2%2Fcategories&post=5868"},{"taxonomy":"post_tag","embeddable":true,"href":"https:\/\/kulanorinska.hr\/index.php?rest_route=%2Fwp%2Fv2%2Ftags&post=5868"}],"curies":[{"name":"wp","href":"https:\/\/api.w.org\/{rel}","templated":true}]}}