{"id":5893,"date":"2016-08-04T23:01:57","date_gmt":"2016-08-04T21:01:57","guid":{"rendered":"http:\/\/kulanorinska.hr\/web\/?p=5893"},"modified":"2016-08-04T23:01:57","modified_gmt":"2016-08-04T21:01:57","slug":"cestitka-za-dan-pobjede-i-domovinske-zahvalnosti-i-dan-hrvatskih-branitelja","status":"publish","type":"post","link":"https:\/\/kulanorinska.hr\/?p=5893","title":{"rendered":"\u010cESTITKA ZA DAN POBJEDE I DOMOVINSKE ZAHVALNOSTI I DAN HRVATSKIH BRANITELJA"},"content":{"rendered":"<p><strong>Svim \u017eiteljima Op\u0107ine Kula Norinska, a posebno svim hrvatskim braniteljima i  obiteljima poginulih i nestalih branitelja upu\u0107ujemo iskrene \u010destitke u  prigodi obilje\u017eavanja 5. kolovoza &#8211;\u00a0 Dana pobjede i domovinske  zahvalnosti, Dana hrvatskih branitelja i 21. obljetnice  vojno-redarstvene operacije \u201eOluja\u201c.<\/strong><\/p>\n<p><strong> <\/strong><\/p>\n<p><strong>Sa posebnom zahvalno\u0161\u0107u se prisje\u0107amo hrvatskih vitezova koji su za  ostvarenje hrvatske pobjede svoje \u017eivote utkali u temelje samostalne i  suverene Republike Hrvatske.<\/strong><\/p>\n<p><strong> <\/strong><\/p>\n<p><strong>Na\u010delnik Op\u0107ine Kula Norinska sa suradnicima<\/strong><\/p>\n","protected":false},"excerpt":{"rendered":"<p>Svim \u017eiteljima Op\u0107ine Kula Norinska, a posebno svim hrvatskim braniteljima i obiteljima poginulih i nestalih branitelja upu\u0107ujemo iskrene \u010destitke u prigodi obilje\u017eavanja 5. kolovoza &#8211;\u00a0 Dana pobjede i domovinske zahvalnosti, Dana hrvatskih branitelja i 21. obljetnice vojno-redarstvene operacije \u201eOluja\u201c. Sa posebnom zahvalno\u0161\u0107u se prisje\u0107amo hrvatskih&#8230;<\/p>\n","protected":false},"author":1,"featured_media":5894,"comment_status":"closed","ping_status":"closed","sticky":false,"template":"","format":"standard","meta":{"_monsterinsights_skip_tracking":false,"_monsterinsights_sitenote_active":false,"_monsterinsights_sitenote_note":"","_monsterinsights_sitenote_category":0,"ngg_post_thumbnail":0},"categories":[9],"tags":[],"_links":{"self":[{"href":"https:\/\/kulanorinska.hr\/index.php?rest_route=\/wp\/v2\/posts\/5893"}],"collection":[{"href":"https:\/\/kulanorinska.hr\/index.php?rest_route=\/wp\/v2\/posts"}],"about":[{"href":"https:\/\/kulanorinska.hr\/index.php?rest_route=\/wp\/v2\/types\/post"}],"author":[{"embeddable":true,"href":"https:\/\/kulanorinska.hr\/index.php?rest_route=\/wp\/v2\/users\/1"}],"replies":[{"embeddable":true,"href":"https:\/\/kulanorinska.hr\/index.php?rest_route=%2Fwp%2Fv2%2Fcomments&post=5893"}],"version-history":[{"count":0,"href":"https:\/\/kulanorinska.hr\/index.php?rest_route=\/wp\/v2\/posts\/5893\/revisions"}],"wp:featuredmedia":[{"embeddable":true,"href":"https:\/\/kulanorinska.hr\/index.php?rest_route=\/wp\/v2\/media\/5894"}],"wp:attachment":[{"href":"https:\/\/kulanorinska.hr\/index.php?rest_route=%2Fwp%2Fv2%2Fmedia&parent=5893"}],"wp:term":[{"taxonomy":"category","embeddable":true,"href":"https:\/\/kulanorinska.hr\/index.php?rest_route=%2Fwp%2Fv2%2Fcategories&post=5893"},{"taxonomy":"post_tag","embeddable":true,"href":"https:\/\/kulanorinska.hr\/index.php?rest_route=%2Fwp%2Fv2%2Ftags&post=5893"}],"curies":[{"name":"wp","href":"https:\/\/api.w.org\/{rel}","templated":true}]}}