{"id":5915,"date":"2016-09-05T08:41:18","date_gmt":"2016-09-05T06:41:18","guid":{"rendered":"http:\/\/kulanorinska.hr\/web\/?p=5915"},"modified":"2016-09-05T08:41:18","modified_gmt":"2016-09-05T06:41:18","slug":"dvd-kula-norinska-na-obiljezavanju-kornatske-tragedije","status":"publish","type":"post","link":"https:\/\/kulanorinska.hr\/?p=5915","title":{"rendered":"DVD Kula Norinska na obilje\u017eavanju kornatske tragedije"},"content":{"rendered":"<p>Vatrogasci DVD-a Kula  Norinska sudjelovali su u obilje\u017eavanju 9. godi\u0161njice kornatske tragedije u  kojoj je smrtno stradalo 12 vatrogasaca iz \u0160ibenika, Vodica i  Tisnog.<\/p>\n<p>Predstavljaju\u0107i  Dubrova\u010dko-neretvansku \u017eupaniju i DVD Kula Norinska prisustvovali su misi  zadu\u0161nici u kapelici sv. Florijana na otoku Kornatu zajedno sa izaslanicima  Ureda predsjednice Republike, Hrvatskoga sabora, Vlade RH, \u0160ibensko-kninske  \u017eupanije, Hrvatske vatrogasne zajednice, VZ \u0160ibensko-kninske, Grada \u0160ibenika i  DUZS-a te vatrogasnih delegacija iz raznih krajeva Hrvatske. Nakon mise i  molitve polo\u017eeni su vijenci, a \u010dlanovi DVD-a Kula Norinska su zapalili  svije\u0107u.<\/p>\n<p>Otok Kornat je mjesto  najve\u0107e tragedije u povijesti hrvatskog vatrogastva. Kapelica svetog Florijana  izgra\u0111ena je podno mjesta tragedije kao memorijalna kapela za poginule  vatrogasce.<\/p>\n<p><a href=\"https:\/\/kulanorinska.hr\/web\/wp-content\/uploads\/2016\/09\/kornati2.jpg\"><img loading=\"lazy\" class=\"alignleft size-thumbnail wp-image-5917\" title=\"kornati2\" src=\"https:\/\/kulanorinska.hr\/web\/wp-content\/uploads\/2016\/09\/kornati2-150x150.jpg\" alt=\"\" width=\"150\" height=\"150\" \/><\/a><a href=\"https:\/\/kulanorinska.hr\/web\/wp-content\/uploads\/2016\/09\/kornati3.jpg\"><img loading=\"lazy\" class=\"alignleft size-thumbnail wp-image-5918\" title=\"kornati3\" src=\"https:\/\/kulanorinska.hr\/web\/wp-content\/uploads\/2016\/09\/kornati3-150x150.jpg\" alt=\"\" width=\"150\" height=\"150\" \/><\/a><\/p>\n","protected":false},"excerpt":{"rendered":"<p>Vatrogasci DVD-a Kula Norinska sudjelovali su u obilje\u017eavanju 9. godi\u0161njice kornatske tragedije u kojoj je smrtno stradalo 12 vatrogasaca iz \u0160ibenika, Vodica i Tisnog. Predstavljaju\u0107i Dubrova\u010dko-neretvansku \u017eupaniju i DVD Kula Norinska prisustvovali su misi zadu\u0161nici u kapelici sv. Florijana na otoku Kornatu zajedno sa izaslanicima&#8230;<\/p>\n","protected":false},"author":1,"featured_media":5916,"comment_status":"closed","ping_status":"closed","sticky":false,"template":"","format":"standard","meta":{"_monsterinsights_skip_tracking":false,"_monsterinsights_sitenote_active":false,"_monsterinsights_sitenote_note":"","_monsterinsights_sitenote_category":0,"ngg_post_thumbnail":0},"categories":[9,13],"tags":[],"_links":{"self":[{"href":"https:\/\/kulanorinska.hr\/index.php?rest_route=\/wp\/v2\/posts\/5915"}],"collection":[{"href":"https:\/\/kulanorinska.hr\/index.php?rest_route=\/wp\/v2\/posts"}],"about":[{"href":"https:\/\/kulanorinska.hr\/index.php?rest_route=\/wp\/v2\/types\/post"}],"author":[{"embeddable":true,"href":"https:\/\/kulanorinska.hr\/index.php?rest_route=\/wp\/v2\/users\/1"}],"replies":[{"embeddable":true,"href":"https:\/\/kulanorinska.hr\/index.php?rest_route=%2Fwp%2Fv2%2Fcomments&post=5915"}],"version-history":[{"count":0,"href":"https:\/\/kulanorinska.hr\/index.php?rest_route=\/wp\/v2\/posts\/5915\/revisions"}],"wp:featuredmedia":[{"embeddable":true,"href":"https:\/\/kulanorinska.hr\/index.php?rest_route=\/wp\/v2\/media\/5916"}],"wp:attachment":[{"href":"https:\/\/kulanorinska.hr\/index.php?rest_route=%2Fwp%2Fv2%2Fmedia&parent=5915"}],"wp:term":[{"taxonomy":"category","embeddable":true,"href":"https:\/\/kulanorinska.hr\/index.php?rest_route=%2Fwp%2Fv2%2Fcategories&post=5915"},{"taxonomy":"post_tag","embeddable":true,"href":"https:\/\/kulanorinska.hr\/index.php?rest_route=%2Fwp%2Fv2%2Ftags&post=5915"}],"curies":[{"name":"wp","href":"https:\/\/api.w.org\/{rel}","templated":true}]}}