{"id":6291,"date":"2017-09-14T13:05:50","date_gmt":"2017-09-14T11:05:50","guid":{"rendered":"http:\/\/kulanorinska.hr\/web\/?p=6291"},"modified":"2017-09-14T13:05:50","modified_gmt":"2017-09-14T11:05:50","slug":"projekt-zazeli-i-ostvari","status":"publish","type":"post","link":"https:\/\/kulanorinska.hr\/?p=6291","title":{"rendered":"PROJEKT ZA\u017dELI I OSTVARI"},"content":{"rendered":"<p>Op\u0107ina Kula Norinska u partnerstvu s Hrvatskim zavodom za zapo\u0161ljavanje &#8211; Podru\u010dnim uredom Dubrovnik, Centrom za socijalnu skrb Metkovi\u0107 i Gradom Metkovi\u0107 prijavljuje projektni prijedlog \u201cZa\u017eeli i ostvari\u201d iz Programa zapo\u0161ljavanja \u017eena koji se financira unutar OP U\u010dinkovitih ljudskih potencijala 2014.-2020. godine iz Europskog socijalnog fonda.<\/p>\n<p>Program je namijenjen zapo\u0161ljavanju \u017eena starijih od 50 godina, sa najvi\u0161e zavr\u0161enim srednjo\u0161kolskim obrazovanjem, koje se vode u evidenciji HZZ-a, te ostalih ranjivih skupina, a sve u svrhu potpore i podr\u0161ke starijim osobama i osobama u nepovoljnom polo\u017eaju u lokalnoj zajednici.<\/p>\n<p>Obzirom da \u0107e projektom \u201cZa\u017eeli i ostvari\u201d biti obuhva\u0107eni krajnji korisnici, starije osobe i osobe u nepovoljnom polo\u017eaju, molimo sve zainteresirane starije i nemo\u0107ne osobe ili njihove skrbnike da se jave u Op\u0107inu Kula Norinska radi evidentiranja.<\/p>\n<p>Ujedno pozivamo sve \u017eene starije od 50 godina koje su zainteresirane za rad po ovom programu, a vode se u evidenciji HZZ-a, da se jave u Op\u0107inu Kula Norinska.<\/p>\n<p>Op\u0107ina Kula Norinska<\/p>\n","protected":false},"excerpt":{"rendered":"<p>Op\u0107ina Kula Norinska u partnerstvu s Hrvatskim zavodom za zapo\u0161ljavanje &#8211; Podru\u010dnim uredom Dubrovnik, Centrom za socijalnu skrb Metkovi\u0107 i Gradom Metkovi\u0107 prijavljuje projektni prijedlog \u201cZa\u017eeli i ostvari\u201d iz Programa zapo\u0161ljavanja \u017eena koji se financira unutar OP U\u010dinkovitih ljudskih potencijala 2014.-2020. godine iz Europskog socijalnog&#8230;<\/p>\n","protected":false},"author":1,"featured_media":6295,"comment_status":"closed","ping_status":"closed","sticky":false,"template":"","format":"standard","meta":{"_monsterinsights_skip_tracking":false,"_monsterinsights_sitenote_active":false,"_monsterinsights_sitenote_note":"","_monsterinsights_sitenote_category":0,"ngg_post_thumbnail":0},"categories":[9],"tags":[],"_links":{"self":[{"href":"https:\/\/kulanorinska.hr\/index.php?rest_route=\/wp\/v2\/posts\/6291"}],"collection":[{"href":"https:\/\/kulanorinska.hr\/index.php?rest_route=\/wp\/v2\/posts"}],"about":[{"href":"https:\/\/kulanorinska.hr\/index.php?rest_route=\/wp\/v2\/types\/post"}],"author":[{"embeddable":true,"href":"https:\/\/kulanorinska.hr\/index.php?rest_route=\/wp\/v2\/users\/1"}],"replies":[{"embeddable":true,"href":"https:\/\/kulanorinska.hr\/index.php?rest_route=%2Fwp%2Fv2%2Fcomments&post=6291"}],"version-history":[{"count":0,"href":"https:\/\/kulanorinska.hr\/index.php?rest_route=\/wp\/v2\/posts\/6291\/revisions"}],"wp:featuredmedia":[{"embeddable":true,"href":"https:\/\/kulanorinska.hr\/index.php?rest_route=\/wp\/v2\/media\/6295"}],"wp:attachment":[{"href":"https:\/\/kulanorinska.hr\/index.php?rest_route=%2Fwp%2Fv2%2Fmedia&parent=6291"}],"wp:term":[{"taxonomy":"category","embeddable":true,"href":"https:\/\/kulanorinska.hr\/index.php?rest_route=%2Fwp%2Fv2%2Fcategories&post=6291"},{"taxonomy":"post_tag","embeddable":true,"href":"https:\/\/kulanorinska.hr\/index.php?rest_route=%2Fwp%2Fv2%2Ftags&post=6291"}],"curies":[{"name":"wp","href":"https:\/\/api.w.org\/{rel}","templated":true}]}}