{"id":8317,"date":"2018-12-18T17:17:21","date_gmt":"2018-12-18T16:17:21","guid":{"rendered":"http:\/\/kulanorinska.hr\/?p=8317"},"modified":"2018-12-18T17:17:38","modified_gmt":"2018-12-18T16:17:38","slug":"bozicni-koncert-2","status":"publish","type":"post","link":"https:\/\/kulanorinska.hr\/?p=8317","title":{"rendered":"BO\u017dI\u0106NI KONCERT"},"content":{"rendered":"<p>KUD \u017dupa Bagalovi\u0107 poziva sve ljude dobre volje na Bo\u017ei\u010dni koncert koji \u0107e se odr\u017eati u nedjelju 23. prosinca u 15 sati u Dje\u010djem parku u Krvavcu.&nbsp;<\/p>\n","protected":false},"excerpt":{"rendered":"<p>KUD \u017dupa Bagalovi\u0107 poziva sve ljude dobre volje na Bo\u017ei\u010dni koncert koji \u0107e se odr\u017eati u nedjelju 23. prosinca u 15 sati u Dje\u010djem parku u Krvavcu.&nbsp;<\/p>\n","protected":false},"author":3,"featured_media":8318,"comment_status":"closed","ping_status":"closed","sticky":false,"template":"","format":"standard","meta":{"_monsterinsights_skip_tracking":false,"_monsterinsights_sitenote_active":false,"_monsterinsights_sitenote_note":"","_monsterinsights_sitenote_category":0,"ngg_post_thumbnail":0},"categories":[9],"tags":[],"_links":{"self":[{"href":"https:\/\/kulanorinska.hr\/index.php?rest_route=\/wp\/v2\/posts\/8317"}],"collection":[{"href":"https:\/\/kulanorinska.hr\/index.php?rest_route=\/wp\/v2\/posts"}],"about":[{"href":"https:\/\/kulanorinska.hr\/index.php?rest_route=\/wp\/v2\/types\/post"}],"author":[{"embeddable":true,"href":"https:\/\/kulanorinska.hr\/index.php?rest_route=\/wp\/v2\/users\/3"}],"replies":[{"embeddable":true,"href":"https:\/\/kulanorinska.hr\/index.php?rest_route=%2Fwp%2Fv2%2Fcomments&post=8317"}],"version-history":[{"count":2,"href":"https:\/\/kulanorinska.hr\/index.php?rest_route=\/wp\/v2\/posts\/8317\/revisions"}],"predecessor-version":[{"id":8320,"href":"https:\/\/kulanorinska.hr\/index.php?rest_route=\/wp\/v2\/posts\/8317\/revisions\/8320"}],"wp:featuredmedia":[{"embeddable":true,"href":"https:\/\/kulanorinska.hr\/index.php?rest_route=\/wp\/v2\/media\/8318"}],"wp:attachment":[{"href":"https:\/\/kulanorinska.hr\/index.php?rest_route=%2Fwp%2Fv2%2Fmedia&parent=8317"}],"wp:term":[{"taxonomy":"category","embeddable":true,"href":"https:\/\/kulanorinska.hr\/index.php?rest_route=%2Fwp%2Fv2%2Fcategories&post=8317"},{"taxonomy":"post_tag","embeddable":true,"href":"https:\/\/kulanorinska.hr\/index.php?rest_route=%2Fwp%2Fv2%2Ftags&post=8317"}],"curies":[{"name":"wp","href":"https:\/\/api.w.org\/{rel}","templated":true}]}}