{"id":8528,"date":"2019-02-14T09:10:18","date_gmt":"2019-02-14T08:10:18","guid":{"rendered":"http:\/\/kulanorinska.hr\/?p=8528"},"modified":"2019-02-14T09:35:49","modified_gmt":"2019-02-14T08:35:49","slug":"odrzana-uvodna-konferencija-u-sklopu-projekta-zazeli-i-ostvari","status":"publish","type":"post","link":"https:\/\/kulanorinska.hr\/?p=8528","title":{"rendered":"Odr\u017eana uvodna konferencija u sklopu projekta &#8220;Za\u017eeli i ostvari&#8221;"},"content":{"rendered":"<p style=\"text-align: justify;\">13. velja\u010de 2019. godine, predstavljen je projekt \u201cZa\u017eeli i ostvari&#8221; koji je financiran EU sredstvima iz Europskog socijalnog fonda u okviru poziva na dostavu projektnih prijedloga \u201cZa\u017eeli -program zapo\u0161ljavanja \u017eena\u201c.<\/p>\n<p style=\"text-align: justify;\">Nakon uvodnoga pozdravnoga govora gradona\u010delnika Dalibora Milana, administrativni dio projekta je predstavio Niko Bojba\u0161a , voditelj projekta \u201cZa\u017eeli i ostvari\u201c, dok je dr.sc. Dasen Jasprica govorio o iskustvima s projektima financiranih EU sredstvima.<\/p>\n<div class=\"mvp-post-soc-in\">\n<div id=\"mvp-content-body\" class=\"left relative\">\n<div id=\"mvp-content-body-top\" class=\"left relative\">\n<div id=\"mvp-content-main\" class=\"left relative\">\n<div id=\"tps_slideContainer_151203\" class=\"theiaPostSlider_slides\">\n<div class=\"theiaPostSlider_preloadedSlide\">\n<p style=\"text-align: justify;\">Prisutnima se obratio i na\u010delnik op\u0107ine Kula Norinska Nikola Krsti\u010devi\u0107, te ravnatelj Centra za socijalnu skrb Metkovi\u0107, Vatroslav Vugdelija.<\/p>\n<p style=\"text-align: justify;\">Ukupna vrijednost projekta iznosi 5.329.980,00 kuna i u cijelosti je financiran EU sredstvima iz Europskog socijalnog fonda.<\/p>\n<p style=\"text-align: justify;\">Kroz ovaj projekt bit \u0107e zaposleno ukupno 35 \u017eena, od toga 27 na podru\u010dju Grada Metkovi\u0107a, a ostalih 8 na podru\u010dju Op\u0107ine Kula Norinska. Poseban naglasak pri zapo\u0161ljavanju je na \u017eene starije od 50 godina, \u017eene s invaliditetom, azilantice, mlade \u017eene koje su iza\u0161le iz sustava socijalne skrbi( domovi, odgojni zavodi), povratnice s odslu\u017eenja zatvorske kazne unazad 6 mjeseci, lije\u010dene ovisnice, osobe slabijeg imovinskog stanja.<\/p>\n<div class=\"mvp-post-main-in\">\n<div id=\"mvp-post-content\" class=\"left relative\">\n<div id=\"mvp-content-wrap\" class=\"left relative\">\n<div class=\"mvp-post-soc-out right relative\">\n<div class=\"mvp-post-soc-in\">\n<div id=\"mvp-content-body\" class=\"left relative\">\n<div id=\"mvp-content-body-top\" class=\"left relative\">\n<div id=\"mvp-content-main\" class=\"left relative\">\n<div id=\"tps_slideContainer_151203\" class=\"theiaPostSlider_slides\">\n<div class=\"theiaPostSlider_preloadedSlide\">\n<p style=\"text-align: justify;\">\u017dene \u0107e biti zaposlene na puno radno vrijeme kroz 24 mjeseca. Svaka \u017eena \u0107e skrbiti o najmanje 4 korisnika ( ukupno 140 korisnika). Korisnicima \u0107e se pru\u017eati pomo\u0107 u osobnoj higijeni, odr\u017eavanju \u010disto\u0107e stambenog prostora, pomo\u0107 u pripremi obroka, te ostalih poslova vezanih za skrb korisnika. Ovim projektom zaposlenim \u017eenama \u0107e se omogu\u0107iti pove\u0107anje znanja i vje\u0161tina kroz dodatno obrazovanje\/osposobljavanje, kako bi po zavr\u0161etku projekta bile konkurentnije na tr\u017ei\u0161tu rada.<\/p>\n<\/div>\n<\/div>\n<\/div>\n<\/div>\n<\/div>\n<\/div>\n<\/div>\n<\/div>\n<\/div>\n<\/div>\n<\/div>\n<\/div>\n<\/div>\n<\/div>\n<\/div>\n<\/div>\n","protected":false},"excerpt":{"rendered":"<p>13. velja\u010de 2019. godine, predstavljen je projekt \u201cZa\u017eeli i ostvari&#8221; koji je financiran EU sredstvima iz Europskog socijalnog fonda u okviru poziva na dostavu projektnih prijedloga \u201cZa\u017eeli -program zapo\u0161ljavanja \u017eena\u201c. Nakon uvodnoga pozdravnoga govora gradona\u010delnika Dalibora Milana, administrativni dio projekta je predstavio Niko Bojba\u0161a ,&#8230;<\/p>\n","protected":false},"author":3,"featured_media":8531,"comment_status":"closed","ping_status":"closed","sticky":false,"template":"","format":"standard","meta":{"_monsterinsights_skip_tracking":false,"_monsterinsights_sitenote_active":false,"_monsterinsights_sitenote_note":"","_monsterinsights_sitenote_category":0,"ngg_post_thumbnail":0},"categories":[9],"tags":[],"_links":{"self":[{"href":"https:\/\/kulanorinska.hr\/index.php?rest_route=\/wp\/v2\/posts\/8528"}],"collection":[{"href":"https:\/\/kulanorinska.hr\/index.php?rest_route=\/wp\/v2\/posts"}],"about":[{"href":"https:\/\/kulanorinska.hr\/index.php?rest_route=\/wp\/v2\/types\/post"}],"author":[{"embeddable":true,"href":"https:\/\/kulanorinska.hr\/index.php?rest_route=\/wp\/v2\/users\/3"}],"replies":[{"embeddable":true,"href":"https:\/\/kulanorinska.hr\/index.php?rest_route=%2Fwp%2Fv2%2Fcomments&post=8528"}],"version-history":[{"count":5,"href":"https:\/\/kulanorinska.hr\/index.php?rest_route=\/wp\/v2\/posts\/8528\/revisions"}],"predecessor-version":[{"id":8536,"href":"https:\/\/kulanorinska.hr\/index.php?rest_route=\/wp\/v2\/posts\/8528\/revisions\/8536"}],"wp:featuredmedia":[{"embeddable":true,"href":"https:\/\/kulanorinska.hr\/index.php?rest_route=\/wp\/v2\/media\/8531"}],"wp:attachment":[{"href":"https:\/\/kulanorinska.hr\/index.php?rest_route=%2Fwp%2Fv2%2Fmedia&parent=8528"}],"wp:term":[{"taxonomy":"category","embeddable":true,"href":"https:\/\/kulanorinska.hr\/index.php?rest_route=%2Fwp%2Fv2%2Fcategories&post=8528"},{"taxonomy":"post_tag","embeddable":true,"href":"https:\/\/kulanorinska.hr\/index.php?rest_route=%2Fwp%2Fv2%2Ftags&post=8528"}],"curies":[{"name":"wp","href":"https:\/\/api.w.org\/{rel}","templated":true}]}}