{"id":8629,"date":"2019-03-29T09:05:50","date_gmt":"2019-03-29T08:05:50","guid":{"rendered":"http:\/\/kulanorinska.hr\/?p=8629"},"modified":"2019-03-29T09:09:42","modified_gmt":"2019-03-29T08:09:42","slug":"opcina-kula-norinska-u-projektu-povecanje-zaposljivosti-u-dolini-neretve","status":"publish","type":"post","link":"https:\/\/kulanorinska.hr\/?p=8629","title":{"rendered":"Op\u0107ina Kula Norinska u projektu &#8220;Pove\u0107anje zapo\u0161ljivosti u dolini Neretve&#8221;"},"content":{"rendered":"<p>Op\u0107ini Kula Norinska i Gradu Metkovi\u0107u kao partnerima u projektu \u201ePove\u0107anje zapo\u0161ljivosti u dolini Neretve\u201c osigurano je&nbsp; novih nepovratnih 420.160 kuna za poticanje zapo\u0161ljavanja ranjivih skupina na tr\u017ei\u0161tu rada. 26. o\u017eujka u Zagrebu je potpisan ugovor o dodjeli bespovratnih sredstava s Ministarstvom rada i mirovinskog sustava unutar poziva \u201eLokalne inicijative za poticanje zapo\u0161ljavanja-Faza III\u201c.<\/p>\n<p>Osnovna svrha projekta je aktivno integriranje na formalno tr\u017ei\u0161te rada \u0161to \u0107e dovesti do pove\u0107anja razine zapo\u0161ljivosti&nbsp; i socijalne kohezije na podru\u010dju Dubrova\u010dko-neretvanske \u017eupanije. Uspostava i provedba aktivnosti, edukacija i osposobljavanje &nbsp;s podru\u010dja agroturizma provoditi \u0107e se u sklopu ustanovljenog i opremljenog Kluba za zapo\u0161ljavanje u Gradu Metkovi\u0107u gdje \u0107e se provesti 7 motivacijskih radionica, te ostalih aktivnosti koje \u0107e osna\u017eiti 90 pripadnika ranjivih skupina na tr\u017ei\u0161tu rada, te 40 osnovno\u0161kolaca i srednjo\u0161kolaca. Projekt se u potpunosti financira iz Europskog socijalnog fonda.<\/p>\n","protected":false},"excerpt":{"rendered":"<p>Op\u0107ini Kula Norinska i Gradu Metkovi\u0107u kao partnerima u projektu \u201ePove\u0107anje zapo\u0161ljivosti u dolini Neretve\u201c osigurano je&nbsp; novih nepovratnih 420.160 kuna za poticanje zapo\u0161ljavanja ranjivih skupina na tr\u017ei\u0161tu rada. 26. o\u017eujka u Zagrebu je potpisan ugovor o dodjeli bespovratnih sredstava s Ministarstvom rada i mirovinskog&#8230;<\/p>\n","protected":false},"author":3,"featured_media":8631,"comment_status":"closed","ping_status":"closed","sticky":false,"template":"","format":"standard","meta":{"_monsterinsights_skip_tracking":false,"_monsterinsights_sitenote_active":false,"_monsterinsights_sitenote_note":"","_monsterinsights_sitenote_category":0,"ngg_post_thumbnail":0},"categories":[9,1],"tags":[],"_links":{"self":[{"href":"https:\/\/kulanorinska.hr\/index.php?rest_route=\/wp\/v2\/posts\/8629"}],"collection":[{"href":"https:\/\/kulanorinska.hr\/index.php?rest_route=\/wp\/v2\/posts"}],"about":[{"href":"https:\/\/kulanorinska.hr\/index.php?rest_route=\/wp\/v2\/types\/post"}],"author":[{"embeddable":true,"href":"https:\/\/kulanorinska.hr\/index.php?rest_route=\/wp\/v2\/users\/3"}],"replies":[{"embeddable":true,"href":"https:\/\/kulanorinska.hr\/index.php?rest_route=%2Fwp%2Fv2%2Fcomments&post=8629"}],"version-history":[{"count":3,"href":"https:\/\/kulanorinska.hr\/index.php?rest_route=\/wp\/v2\/posts\/8629\/revisions"}],"predecessor-version":[{"id":8634,"href":"https:\/\/kulanorinska.hr\/index.php?rest_route=\/wp\/v2\/posts\/8629\/revisions\/8634"}],"wp:featuredmedia":[{"embeddable":true,"href":"https:\/\/kulanorinska.hr\/index.php?rest_route=\/wp\/v2\/media\/8631"}],"wp:attachment":[{"href":"https:\/\/kulanorinska.hr\/index.php?rest_route=%2Fwp%2Fv2%2Fmedia&parent=8629"}],"wp:term":[{"taxonomy":"category","embeddable":true,"href":"https:\/\/kulanorinska.hr\/index.php?rest_route=%2Fwp%2Fv2%2Fcategories&post=8629"},{"taxonomy":"post_tag","embeddable":true,"href":"https:\/\/kulanorinska.hr\/index.php?rest_route=%2Fwp%2Fv2%2Ftags&post=8629"}],"curies":[{"name":"wp","href":"https:\/\/api.w.org\/{rel}","templated":true}]}}