{"id":9461,"date":"2021-02-23T09:51:47","date_gmt":"2021-02-23T08:51:47","guid":{"rendered":"http:\/\/kulanorinska.hr\/?p=9461"},"modified":"2021-02-23T09:56:09","modified_gmt":"2021-02-23T08:56:09","slug":"izmjene-i-dopune-urbanistickog-plana-uredenja-poduzetnicke-zone-nova-sela-ii","status":"publish","type":"post","link":"https:\/\/kulanorinska.hr\/?p=9461","title":{"rendered":"Izmjene i dopune Urbanisti\u010dkog plana ure\u0111enja poduzetni\u010dke zone Nova Sela II"},"content":{"rendered":"<p>Jedinstveni upravni odjel Op\u0107ine Kula Norinska objavljuje Javnu raspravu o prijedlogu Izmjena i dopuna Urbanisti\u010dkog plana ure\u0111enja poduzetni\u010dke zone Nova Sela II:<\/p>\n<p><a href=\"https:\/\/kulanorinska.hr\/wp-content\/uploads\/2021\/02\/Javna-rasprava-UPU-zona-Nova-Sela-II.pdf\">Javna rasprava UPU zona Nova Sela II<\/a><\/p>\n<p>Prijedlog plana za javnu raspravu se nalazi na sljede\u0107oj poveznici:<\/p>\n<p><a href=\"https:\/\/tinyurl.com\/ypoplql4\">https:\/\/tinyurl.com\/ypoplql4<\/a><\/p>\n<p>&nbsp;<\/p>\n<p>&nbsp;<\/p>\n<p>&nbsp;<\/p>\n<p>&nbsp;<\/p>\n<p>&nbsp;<\/p>\n<p>&nbsp;<\/p>\n","protected":false},"excerpt":{"rendered":"<p>Jedinstveni upravni odjel Op\u0107ine Kula Norinska objavljuje Javnu raspravu o prijedlogu Izmjena i dopuna Urbanisti\u010dkog plana ure\u0111enja poduzetni\u010dke zone Nova Sela II: Javna rasprava UPU zona Nova Sela II Prijedlog plana za javnu raspravu se nalazi na sljede\u0107oj poveznici: https:\/\/tinyurl.com\/ypoplql4 &nbsp; &nbsp; &nbsp; &nbsp; &nbsp;&#8230;<\/p>\n","protected":false},"author":3,"featured_media":9465,"comment_status":"closed","ping_status":"closed","sticky":false,"template":"","format":"standard","meta":{"_monsterinsights_skip_tracking":false,"_monsterinsights_sitenote_active":false,"_monsterinsights_sitenote_note":"","_monsterinsights_sitenote_category":0,"ngg_post_thumbnail":0},"categories":[327,9],"tags":[],"_links":{"self":[{"href":"https:\/\/kulanorinska.hr\/index.php?rest_route=\/wp\/v2\/posts\/9461"}],"collection":[{"href":"https:\/\/kulanorinska.hr\/index.php?rest_route=\/wp\/v2\/posts"}],"about":[{"href":"https:\/\/kulanorinska.hr\/index.php?rest_route=\/wp\/v2\/types\/post"}],"author":[{"embeddable":true,"href":"https:\/\/kulanorinska.hr\/index.php?rest_route=\/wp\/v2\/users\/3"}],"replies":[{"embeddable":true,"href":"https:\/\/kulanorinska.hr\/index.php?rest_route=%2Fwp%2Fv2%2Fcomments&post=9461"}],"version-history":[{"count":3,"href":"https:\/\/kulanorinska.hr\/index.php?rest_route=\/wp\/v2\/posts\/9461\/revisions"}],"predecessor-version":[{"id":9469,"href":"https:\/\/kulanorinska.hr\/index.php?rest_route=\/wp\/v2\/posts\/9461\/revisions\/9469"}],"wp:featuredmedia":[{"embeddable":true,"href":"https:\/\/kulanorinska.hr\/index.php?rest_route=\/wp\/v2\/media\/9465"}],"wp:attachment":[{"href":"https:\/\/kulanorinska.hr\/index.php?rest_route=%2Fwp%2Fv2%2Fmedia&parent=9461"}],"wp:term":[{"taxonomy":"category","embeddable":true,"href":"https:\/\/kulanorinska.hr\/index.php?rest_route=%2Fwp%2Fv2%2Fcategories&post=9461"},{"taxonomy":"post_tag","embeddable":true,"href":"https:\/\/kulanorinska.hr\/index.php?rest_route=%2Fwp%2Fv2%2Ftags&post=9461"}],"curies":[{"name":"wp","href":"https:\/\/api.w.org\/{rel}","templated":true}]}}