{"id":9487,"date":"2021-03-16T17:55:12","date_gmt":"2021-03-16T16:55:12","guid":{"rendered":"http:\/\/kulanorinska.hr\/?p=9487"},"modified":"2021-03-16T17:57:49","modified_gmt":"2021-03-16T16:57:49","slug":"sesta-prica-o-radu-na-projektu-zazeli-i-ostvari","status":"publish","type":"post","link":"https:\/\/kulanorinska.hr\/?p=9487","title":{"rendered":"\u0160esta pri\u010da o radu na projektu &#8220;Za\u017eeli i ostvari&#8221;"},"content":{"rendered":"<p><img loading=\"lazy\" class=\"wp-image-9488 aligncenter\" src=\"https:\/\/kulanorinska.hr\/wp-content\/uploads\/2021\/03\/zaglavlje-300x39.png\" alt=\"\" width=\"615\" height=\"80\" srcset=\"https:\/\/kulanorinska.hr\/wp-content\/uploads\/2021\/03\/zaglavlje-300x39.png 300w, https:\/\/kulanorinska.hr\/wp-content\/uploads\/2021\/03\/zaglavlje.png 559w\" sizes=\"(max-width: 615px) 100vw, 615px\" \/><\/p>\n<p>&nbsp;<\/p>\n<p>&nbsp;Za na\u0161u \u0161estu pri\u010du o radu na projektu \u201eZa\u017eeli i ostvari\u201c UP.02.1.1.05.0191 koji je sufinanciran iz Europskog socijalnog fonda posjetili smo na\u0161u dragu korisnicu Martu Ple\u0107a\u0161.<\/p>\n<p>Marta je desetlje\u0107ima&nbsp; radila kao lije\u010dnica u Domu zdravlja Metkovi\u0107, te je&nbsp; kroz svoj posao upoznala i pomogla mnogim stanovnicima Grada Metkovi\u0107a i okolnih mjesta. Na\u0161a draga Marta je u projekt uklju\u010dena nedugo nakon \u0161to joj je suprug preminuo, te nam je posebno istaknula na\u0161u zaposlenicu Katu Vidovi\u0107 koja joj osim pomo\u0107i u obavljanju svakodnevnih poslova, pru\u017ea razumijevanje i podr\u0161ku pogotovo u ovim uvjetima pandemije.<\/p>\n<p>Na kraju smo se Marti i Kati zahvalili \u0161to su nam ukazali na va\u017enost ovoga projekta koji uvelike doprinosi u prepoznavanju potreba na\u0161ih starijih sugra\u0111ana te pove\u0107anju kvalitete njihova \u017eivota.<\/p>\n<p>&nbsp;<\/p>\n<p>&nbsp;<\/p>\n<p><img loading=\"lazy\" class=\" wp-image-9489 aligncenter\" src=\"https:\/\/kulanorinska.hr\/wp-content\/uploads\/2021\/03\/PODNO\u017dJE-300x95.png\" alt=\"\" width=\"385\" height=\"122\" srcset=\"https:\/\/kulanorinska.hr\/wp-content\/uploads\/2021\/03\/PODNO\u017dJE-300x95.png 300w, https:\/\/kulanorinska.hr\/wp-content\/uploads\/2021\/03\/PODNO\u017dJE.png 452w\" sizes=\"(max-width: 385px) 100vw, 385px\" \/><\/p>\n<p>&nbsp;<\/p>\n<p><img loading=\"lazy\" class=\"alignnone wp-image-9490 aligncenter\" src=\"https:\/\/kulanorinska.hr\/wp-content\/uploads\/2021\/03\/IMG_20210316_105903-300x225.jpg\" alt=\"\" width=\"331\" height=\"248\" srcset=\"https:\/\/kulanorinska.hr\/wp-content\/uploads\/2021\/03\/IMG_20210316_105903-300x225.jpg 300w, https:\/\/kulanorinska.hr\/wp-content\/uploads\/2021\/03\/IMG_20210316_105903-768x576.jpg 768w, https:\/\/kulanorinska.hr\/wp-content\/uploads\/2021\/03\/IMG_20210316_105903-1024x768.jpg 1024w, https:\/\/kulanorinska.hr\/wp-content\/uploads\/2021\/03\/IMG_20210316_105903-800x600.jpg 800w, https:\/\/kulanorinska.hr\/wp-content\/uploads\/2021\/03\/IMG_20210316_105903-700x525.jpg 700w\" sizes=\"(max-width: 331px) 100vw, 331px\" \/><\/p>\n<p><img loading=\"lazy\" class=\"alignnone wp-image-9492 aligncenter\" src=\"https:\/\/kulanorinska.hr\/wp-content\/uploads\/2021\/03\/IMG_20210316_105914-300x225.jpg\" alt=\"\" width=\"339\" height=\"254\" srcset=\"https:\/\/kulanorinska.hr\/wp-content\/uploads\/2021\/03\/IMG_20210316_105914-300x225.jpg 300w, https:\/\/kulanorinska.hr\/wp-content\/uploads\/2021\/03\/IMG_20210316_105914-768x576.jpg 768w, https:\/\/kulanorinska.hr\/wp-content\/uploads\/2021\/03\/IMG_20210316_105914-1024x768.jpg 1024w, https:\/\/kulanorinska.hr\/wp-content\/uploads\/2021\/03\/IMG_20210316_105914-800x600.jpg 800w, https:\/\/kulanorinska.hr\/wp-content\/uploads\/2021\/03\/IMG_20210316_105914-700x525.jpg 700w\" sizes=\"(max-width: 339px) 100vw, 339px\" \/><\/p>\n","protected":false},"excerpt":{"rendered":"<p>&nbsp; &nbsp;Za na\u0161u \u0161estu pri\u010du o radu na projektu \u201eZa\u017eeli i ostvari\u201c UP.02.1.1.05.0191 koji je sufinanciran iz Europskog socijalnog fonda posjetili smo na\u0161u dragu korisnicu Martu Ple\u0107a\u0161. Marta je desetlje\u0107ima&nbsp; radila kao lije\u010dnica u Domu zdravlja Metkovi\u0107, te je&nbsp; kroz svoj posao upoznala i pomogla&#8230;<\/p>\n","protected":false},"author":3,"featured_media":9491,"comment_status":"closed","ping_status":"closed","sticky":false,"template":"","format":"standard","meta":{"_monsterinsights_skip_tracking":false,"_monsterinsights_sitenote_active":false,"_monsterinsights_sitenote_note":"","_monsterinsights_sitenote_category":0,"ngg_post_thumbnail":0},"categories":[9],"tags":[],"_links":{"self":[{"href":"https:\/\/kulanorinska.hr\/index.php?rest_route=\/wp\/v2\/posts\/9487"}],"collection":[{"href":"https:\/\/kulanorinska.hr\/index.php?rest_route=\/wp\/v2\/posts"}],"about":[{"href":"https:\/\/kulanorinska.hr\/index.php?rest_route=\/wp\/v2\/types\/post"}],"author":[{"embeddable":true,"href":"https:\/\/kulanorinska.hr\/index.php?rest_route=\/wp\/v2\/users\/3"}],"replies":[{"embeddable":true,"href":"https:\/\/kulanorinska.hr\/index.php?rest_route=%2Fwp%2Fv2%2Fcomments&post=9487"}],"version-history":[{"count":2,"href":"https:\/\/kulanorinska.hr\/index.php?rest_route=\/wp\/v2\/posts\/9487\/revisions"}],"predecessor-version":[{"id":9494,"href":"https:\/\/kulanorinska.hr\/index.php?rest_route=\/wp\/v2\/posts\/9487\/revisions\/9494"}],"wp:featuredmedia":[{"embeddable":true,"href":"https:\/\/kulanorinska.hr\/index.php?rest_route=\/wp\/v2\/media\/9491"}],"wp:attachment":[{"href":"https:\/\/kulanorinska.hr\/index.php?rest_route=%2Fwp%2Fv2%2Fmedia&parent=9487"}],"wp:term":[{"taxonomy":"category","embeddable":true,"href":"https:\/\/kulanorinska.hr\/index.php?rest_route=%2Fwp%2Fv2%2Fcategories&post=9487"},{"taxonomy":"post_tag","embeddable":true,"href":"https:\/\/kulanorinska.hr\/index.php?rest_route=%2Fwp%2Fv2%2Ftags&post=9487"}],"curies":[{"name":"wp","href":"https:\/\/api.w.org\/{rel}","templated":true}]}}